{"id":4991,"date":"2025-11-18T15:57:39","date_gmt":"2025-11-18T14:57:39","guid":{"rendered":"https:\/\/transitionstories.be\/?p=4991"},"modified":"2025-11-18T16:13:59","modified_gmt":"2025-11-18T15:13:59","slug":"knack-zet-collega-emma-adriaensen-29-in-de-kijker-duurzaamheid-op-industrieterreinen","status":"publish","type":"post","link":"https:\/\/transitionstories.be\/fr\/knack-zet-collega-emma-adriaensen-29-in-de-kijker-duurzaamheid-op-industrieterreinen\/","title":{"rendered":"Knack zet collega Emma Adriaensen (29) in de kijker: duurzaamheid op industrieterreinen"},"content":{"rendered":"[vc_row type=\u00a0\u00bbin_container\u00a0\u00bb full_screen_row_position=\u00a0\u00bbmiddle\u00a0\u00bb column_margin=\u00a0\u00bbdefault\u00a0\u00bb equal_height=\u00a0\u00bbyes\u00a0\u00bb content_placement=\u00a0\u00bbmiddle\u00a0\u00bb column_direction=\u00a0\u00bbdefault\u00a0\u00bb column_direction_tablet=\u00a0\u00bbdefault\u00a0\u00bb column_direction_phone=\u00a0\u00bbdefault\u00a0\u00bb scene_position=\u00a0\u00bbcenter\u00a0\u00bb scale_desktop=\u00a0\u00bb1.01&Prime; text_color=\u00a0\u00bbdark\u00a0\u00bb text_align=\u00a0\u00bbleft\u00a0\u00bb row_border_radius=\u00a0\u00bbnone\u00a0\u00bb row_border_radius_applies=\u00a0\u00bbbg\u00a0\u00bb overflow=\u00a0\u00bbvisible\u00a0\u00bb overlay_strength=\u00a0\u00bb0.3&Prime; gradient_direction=\u00a0\u00bbleft_to_right\u00a0\u00bb shape_divider_position=\u00a0\u00bbbottom\u00a0\u00bb bg_image_animation=\u00a0\u00bbnone\u00a0\u00bb gradient_type=\u00a0\u00bbdefault\u00a0\u00bb shape_type=\u00a0\u00bb\u00a0\u00bb][vc_column column_padding=\u00a0\u00bbno-extra-padding\u00a0\u00bb column_padding_tablet=\u00a0\u00bbinherit\u00a0\u00bb column_padding_phone=\u00a0\u00bbinherit\u00a0\u00bb column_padding_position=\u00a0\u00bball\u00a0\u00bb column_element_direction_desktop=\u00a0\u00bbdefault\u00a0\u00bb column_element_spacing=\u00a0\u00bbdefault\u00a0\u00bb desktop_text_alignment=\u00a0\u00bbdefault\u00a0\u00bb tablet_text_alignment=\u00a0\u00bbdefault\u00a0\u00bb phone_text_alignment=\u00a0\u00bbdefault\u00a0\u00bb background_color_opacity=\u00a0\u00bb1&Prime; background_hover_color_opacity=\u00a0\u00bb1&Prime; column_backdrop_filter=\u00a0\u00bbnone\u00a0\u00bb column_shadow=\u00a0\u00bbnone\u00a0\u00bb column_border_radius=\u00a0\u00bbnone\u00a0\u00bb column_link_target=\u00a0\u00bb_self\u00a0\u00bb column_position=\u00a0\u00bbdefault\u00a0\u00bb gradient_direction=\u00a0\u00bbleft_to_right\u00a0\u00bb overlay_strength=\u00a0\u00bb0.3&Prime; width=\u00a0\u00bb1\/4&Prime; tablet_width_inherit=\u00a0\u00bbdefault\u00a0\u00bb animation_type=\u00a0\u00bbdefault\u00a0\u00bb bg_image_animation=\u00a0\u00bbnone\u00a0\u00bb border_type=\u00a0\u00bbsimple\u00a0\u00bb column_border_width=\u00a0\u00bbnone\u00a0\u00bb column_border_style=\u00a0\u00bbsolid\u00a0\u00bb][\/vc_column][vc_column column_padding=\u00a0\u00bbno-extra-padding\u00a0\u00bb column_padding_tablet=\u00a0\u00bbinherit\u00a0\u00bb column_padding_phone=\u00a0\u00bbinherit\u00a0\u00bb column_padding_position=\u00a0\u00bball\u00a0\u00bb column_element_direction_desktop=\u00a0\u00bbdefault\u00a0\u00bb column_element_spacing=\u00a0\u00bbdefault\u00a0\u00bb desktop_text_alignment=\u00a0\u00bbdefault\u00a0\u00bb tablet_text_alignment=\u00a0\u00bbdefault\u00a0\u00bb phone_text_alignment=\u00a0\u00bbdefault\u00a0\u00bb background_color_opacity=\u00a0\u00bb1&Prime; background_hover_color_opacity=\u00a0\u00bb1&Prime; column_backdrop_filter=\u00a0\u00bbnone\u00a0\u00bb column_shadow=\u00a0\u00bbnone\u00a0\u00bb column_border_radius=\u00a0\u00bbnone\u00a0\u00bb column_link_target=\u00a0\u00bb_self\u00a0\u00bb column_position=\u00a0\u00bbdefault\u00a0\u00bb gradient_direction=\u00a0\u00bbleft_to_right\u00a0\u00bb overlay_strength=\u00a0\u00bb0.3&Prime; width=\u00a0\u00bb1\/2&Prime; tablet_width_inherit=\u00a0\u00bbdefault\u00a0\u00bb animation_type=\u00a0\u00bbdefault\u00a0\u00bb bg_image_animation=\u00a0\u00bbnone\u00a0\u00bb border_type=\u00a0\u00bbsimple\u00a0\u00bb column_border_width=\u00a0\u00bbnone\u00a0\u00bb column_border_style=\u00a0\u00bbsolid\u00a0\u00bb][vc_column_text css=\u00a0\u00bb\u00a0\u00bb text_direction=\u00a0\u00bbdefault\u00a0\u00bb]\n<p style=\"text-align: justify;\"><span style=\"color: #ff0000;\">In de rubriek Jong Talent van Knack krijgen inspirerende jonge mensen een podium om hun verhaal te delen en te tonen hoe zij onze maatschappij mee vormgeven.<\/span><\/p>\n<p style=\"text-align: justify;\"><span style=\"color: #ff0000;\">Deze keer was het aan onze collega Emma, die haar visie en gedrevenheid deelde met lezend Vlaanderen. Ontdek hoe zij met haar energie en idee\u00ebn het verschil maakt en waarom haar verhaal een bron van inspiratie is voor velen. Wij laten jullie hieronder graag meelezen met de originele tekst van Knack (bronvermelding onderaan).<\/span><\/p>\n[\/vc_column_text][vc_column_text css=\u00a0\u00bb\u00a0\u00bb text_direction=\u00a0\u00bbdefault\u00a0\u00bb]\n<p style=\"text-align: justify;\" data-start=\"437\" data-end=\"521\"><strong>\u2018Meestal pakken bedrijven hun uitdagingen elk apart aan\u2019, zegt Emma Adriaensen van Transition Stories, dat advies <\/strong><strong>geeft over duurzaamheid en energie. \u2018Maar samenwerken op het vlak van energie, mobiliteit, waterbeheer, netwerking of <\/strong><strong>veiligheid kan enorme voordelen opleveren. Voor de leefomgeving, maar zeker ook voor de bedrijven zelf\u2019, vertelt <\/strong><strong>Adriaensen.<\/strong><\/p>\n<p style=\"text-align: justify;\" data-start=\"437\" data-end=\"521\">\u2018Wanneer je een industrieterrein wilt verduurzamen, dan is de eerste, logische stap het doorbreken van het ieder-voor-zich-denken. Dat vraagt tijd, vertrouwen en gedeelde ambitie. Zoiets bouw je niet op met \u00e9\u00e9n netwerkevenement. Er komt ook praktisch veel bij kijken qua structuren, afspraken en financiering. Maar een goed onderbouwde samenwerking \u2013 bijvoorbeeld in een bedrijventerreinvereniging \u2013 maakt alle partners sterker.\u2019<\/p>\n<p style=\"text-align: justify;\"><strong>Wat doet u dat anderen niet doen, of minder goed?<\/strong><\/p>\n<p style=\"text-align: justify;\"><em>Emma Adriaensen:<\/em> Bij Transition Stories geloven we niet in standaardadviezen. Een initiatief gaat pas leven wanneer er \u2018eigenaarschap\u2019 ontstaat, wanneer de mensen op het terrein er zelf echt mee verder willen. Nochtans vertrekken samenwerkingen lang niet altijd vanuit de bedrijven zelf. Een goed voorbeeld zijn projecten rond restenergie of energie-uitwisseling. Weinig ondernemingen beschikken over de kennis, de middelen of zelfs de tijd om zo\u2019n project tot een goed eind te brengen. Wij maken het verschil door de juiste partijen samen te brengen. Het ene bedrijf kan energie op overschot hebben, terwijl de buurman met een tekort zit.<\/p>\n<p style=\"text-align: justify;\"><strong><span style=\"color: #ff0000;\">\u2018Wij brengen de juiste partijen samen. Het ene bedrijf kan energie op overschot hebben, terwijl <\/span><\/strong><strong><span style=\"color: #ff0000;\">de buurman met een tekort zit.\u2019 <\/span><\/strong><\/p>\n<p style=\"text-align: justify;\">Bij grotere projecten kan de doorlooptijd lang zijn. Dat beseffen en erop inspelen maakt een heel verschil, net als weten welke subsidies er bestaan.<\/p>\n<p style=\"text-align: justify;\"><strong>Wat geeft u energie?<\/strong><\/p>\n<p style=\"text-align: justify;\"><em>Adriaensen:<\/em> Het moment waarop bedrijven zeggen: \u2018We gaan dit doen.\u2019 Kleine doorbraken, zoals een gezamenlijke aankoop van brandblussers of samen investeren in beveiliging, zijn evengoed successen. Binnenkort organiseren we een meerdaagse opleiding over samenwerken op bedrijventerreinen, en over hoe je energie-uitwisselingen opzet, met steun van VLAIO. Qua verduurzaming valt er op de Vlaamse industrieterreinen nog een enorme winst te behalen.<\/p>\n<p>BRON: https:\/\/www.knack.be\/nieuws\/milieu\/klimaat\/jong-talent-emma-adriaensen-29-maakt-industrieterreinen-duurzaam\/[\/vc_column_text][\/vc_column][\/vc_row][vc_row type=\u00a0\u00bbin_container\u00a0\u00bb full_screen_row_position=\u00a0\u00bbmiddle\u00a0\u00bb column_margin=\u00a0\u00bbdefault\u00a0\u00bb column_direction=\u00a0\u00bbdefault\u00a0\u00bb column_direction_tablet=\u00a0\u00bbdefault\u00a0\u00bb column_direction_phone=\u00a0\u00bbdefault\u00a0\u00bb scene_position=\u00a0\u00bbcenter\u00a0\u00bb text_color=\u00a0\u00bbdark\u00a0\u00bb text_align=\u00a0\u00bbleft\u00a0\u00bb row_border_radius=\u00a0\u00bbnone\u00a0\u00bb row_border_radius_applies=\u00a0\u00bbbg\u00a0\u00bb overflow=\u00a0\u00bbvisible\u00a0\u00bb overlay_strength=\u00a0\u00bb0.3&Prime; gradient_direction=\u00a0\u00bbleft_to_right\u00a0\u00bb shape_divider_position=\u00a0\u00bbbottom\u00a0\u00bb bg_image_animation=\u00a0\u00bbnone\u00a0\u00bb][vc_column column_padding=\u00a0\u00bbno-extra-padding\u00a0\u00bb column_padding_tablet=\u00a0\u00bbinherit\u00a0\u00bb column_padding_phone=\u00a0\u00bbinherit\u00a0\u00bb column_padding_position=\u00a0\u00bball\u00a0\u00bb column_element_direction_desktop=\u00a0\u00bbdefault\u00a0\u00bb column_element_spacing=\u00a0\u00bbdefault\u00a0\u00bb desktop_text_alignment=\u00a0\u00bbdefault\u00a0\u00bb tablet_text_alignment=\u00a0\u00bbdefault\u00a0\u00bb phone_text_alignment=\u00a0\u00bbdefault\u00a0\u00bb background_color_opacity=\u00a0\u00bb1&Prime; background_hover_color_opacity=\u00a0\u00bb1&Prime; column_backdrop_filter=\u00a0\u00bbnone\u00a0\u00bb column_shadow=\u00a0\u00bbnone\u00a0\u00bb column_border_radius=\u00a0\u00bbnone\u00a0\u00bb column_link_target=\u00a0\u00bb_self\u00a0\u00bb column_position=\u00a0\u00bbdefault\u00a0\u00bb gradient_direction=\u00a0\u00bbleft_to_right\u00a0\u00bb overlay_strength=\u00a0\u00bb0.3&Prime; width=\u00a0\u00bb1\/1&Prime; tablet_width_inherit=\u00a0\u00bbdefault\u00a0\u00bb animation_type=\u00a0\u00bbdefault\u00a0\u00bb bg_image_animation=\u00a0\u00bbnone\u00a0\u00bb border_type=\u00a0\u00bbsimple\u00a0\u00bb column_border_width=\u00a0\u00bbnone\u00a0\u00bb column_border_style=\u00a0\u00bbsolid\u00a0\u00bb][vc_column_text][\/vc_column_text][vc_column_text]\n<h3 style=\"text-align: center;\"><span class=\"TextRun SCXW225503824 BCX0\" lang=\"NL-BE\" xml:lang=\"NL-BE\" data-contrast=\"auto\"><span class=\"NormalTextRun SCXW225503824 BCX0\">Benieuwd wat <\/span><span class=\"SpellingError SCXW225503824 BCX0\">Transition<\/span> <span class=\"SpellingError SCXW225503824 BCX0\">Stories<\/span><span class=\"NormalTextRun SCXW225503824 BCX0\"> voor jouw organisatie kan betekenen?\u00a0<\/span><\/span><\/h3>\n[\/vc_column_text][\/vc_column][\/vc_row][vc_row type=\u00a0\u00bbin_container\u00a0\u00bb full_screen_row_position=\u00a0\u00bbmiddle\u00a0\u00bb column_margin=\u00a0\u00bbdefault\u00a0\u00bb column_direction=\u00a0\u00bbdefault\u00a0\u00bb column_direction_tablet=\u00a0\u00bbdefault\u00a0\u00bb column_direction_phone=\u00a0\u00bbdefault\u00a0\u00bb scene_position=\u00a0\u00bbcenter\u00a0\u00bb text_color=\u00a0\u00bbdark\u00a0\u00bb text_align=\u00a0\u00bbleft\u00a0\u00bb row_border_radius=\u00a0\u00bbnone\u00a0\u00bb row_border_radius_applies=\u00a0\u00bbbg\u00a0\u00bb overflow=\u00a0\u00bbvisible\u00a0\u00bb overlay_strength=\u00a0\u00bb0.3&Prime; gradient_direction=\u00a0\u00bbleft_to_right\u00a0\u00bb shape_divider_position=\u00a0\u00bbbottom\u00a0\u00bb bg_image_animation=\u00a0\u00bbnone\u00a0\u00bb][vc_column column_padding=\u00a0\u00bbno-extra-padding\u00a0\u00bb column_padding_tablet=\u00a0\u00bbinherit\u00a0\u00bb column_padding_phone=\u00a0\u00bbinherit\u00a0\u00bb column_padding_position=\u00a0\u00bball\u00a0\u00bb column_element_direction_desktop=\u00a0\u00bbdefault\u00a0\u00bb column_element_spacing=\u00a0\u00bbdefault\u00a0\u00bb desktop_text_alignment=\u00a0\u00bbdefault\u00a0\u00bb tablet_text_alignment=\u00a0\u00bbdefault\u00a0\u00bb phone_text_alignment=\u00a0\u00bbdefault\u00a0\u00bb background_color_opacity=\u00a0\u00bb1&Prime; background_hover_color_opacity=\u00a0\u00bb1&Prime; column_backdrop_filter=\u00a0\u00bbnone\u00a0\u00bb column_shadow=\u00a0\u00bbnone\u00a0\u00bb column_border_radius=\u00a0\u00bbnone\u00a0\u00bb column_link_target=\u00a0\u00bb_self\u00a0\u00bb column_position=\u00a0\u00bbdefault\u00a0\u00bb gradient_direction=\u00a0\u00bbleft_to_right\u00a0\u00bb overlay_strength=\u00a0\u00bb0.3&Prime; width=\u00a0\u00bb1\/3&Prime; tablet_width_inherit=\u00a0\u00bbdefault\u00a0\u00bb animation_type=\u00a0\u00bbdefault\u00a0\u00bb bg_image_animation=\u00a0\u00bbnone\u00a0\u00bb border_type=\u00a0\u00bbsimple\u00a0\u00bb column_border_width=\u00a0\u00bbnone\u00a0\u00bb column_border_style=\u00a0\u00bbsolid\u00a0\u00bb][\/vc_column][vc_column column_padding=\u00a0\u00bbno-extra-padding\u00a0\u00bb column_padding_tablet=\u00a0\u00bbinherit\u00a0\u00bb column_padding_phone=\u00a0\u00bbinherit\u00a0\u00bb column_padding_position=\u00a0\u00bball\u00a0\u00bb column_element_direction_desktop=\u00a0\u00bbdefault\u00a0\u00bb column_element_spacing=\u00a0\u00bbdefault\u00a0\u00bb desktop_text_alignment=\u00a0\u00bbdefault\u00a0\u00bb tablet_text_alignment=\u00a0\u00bbdefault\u00a0\u00bb phone_text_alignment=\u00a0\u00bbdefault\u00a0\u00bb background_color_opacity=\u00a0\u00bb1&Prime; background_hover_color_opacity=\u00a0\u00bb1&Prime; column_backdrop_filter=\u00a0\u00bbnone\u00a0\u00bb column_shadow=\u00a0\u00bbnone\u00a0\u00bb column_border_radius=\u00a0\u00bbnone\u00a0\u00bb column_link_target=\u00a0\u00bb_self\u00a0\u00bb column_position=\u00a0\u00bbdefault\u00a0\u00bb gradient_direction=\u00a0\u00bbleft_to_right\u00a0\u00bb overlay_strength=\u00a0\u00bb0.3&Prime; width=\u00a0\u00bb1\/3&Prime; tablet_width_inherit=\u00a0\u00bbdefault\u00a0\u00bb animation_type=\u00a0\u00bbdefault\u00a0\u00bb bg_image_animation=\u00a0\u00bbnone\u00a0\u00bb border_type=\u00a0\u00bbsimple\u00a0\u00bb column_border_width=\u00a0\u00bbnone\u00a0\u00bb column_border_style=\u00a0\u00bbsolid\u00a0\u00bb][nectar_btn size=\u00a0\u00bblarge\u00a0\u00bb button_style=\u00a0\u00bbregular\u00a0\u00bb button_color_2=\u00a0\u00bbextra-color-gradient-1&Prime; icon_family=\u00a0\u00bbnone\u00a0\u00bb text=\u00a0\u00bbNeem contact op met ons!\u00a0\u00bb url=\u00a0\u00bbhttps:\/\/transitionstories.be\/contact\/\u00a0\u00bb][\/vc_column][vc_column column_padding=\u00a0\u00bbno-extra-padding\u00a0\u00bb column_padding_tablet=\u00a0\u00bbinherit\u00a0\u00bb column_padding_phone=\u00a0\u00bbinherit\u00a0\u00bb column_padding_position=\u00a0\u00bball\u00a0\u00bb column_element_direction_desktop=\u00a0\u00bbdefault\u00a0\u00bb column_element_spacing=\u00a0\u00bbdefault\u00a0\u00bb desktop_text_alignment=\u00a0\u00bbdefault\u00a0\u00bb tablet_text_alignment=\u00a0\u00bbdefault\u00a0\u00bb phone_text_alignment=\u00a0\u00bbdefault\u00a0\u00bb background_color_opacity=\u00a0\u00bb1&Prime; background_hover_color_opacity=\u00a0\u00bb1&Prime; column_backdrop_filter=\u00a0\u00bbnone\u00a0\u00bb column_shadow=\u00a0\u00bbnone\u00a0\u00bb column_border_radius=\u00a0\u00bbnone\u00a0\u00bb column_link_target=\u00a0\u00bb_self\u00a0\u00bb column_position=\u00a0\u00bbdefault\u00a0\u00bb gradient_direction=\u00a0\u00bbleft_to_right\u00a0\u00bb overlay_strength=\u00a0\u00bb0.3&Prime; width=\u00a0\u00bb1\/3&Prime; tablet_width_inherit=\u00a0\u00bbdefault\u00a0\u00bb animation_type=\u00a0\u00bbdefault\u00a0\u00bb bg_image_animation=\u00a0\u00bbnone\u00a0\u00bb border_type=\u00a0\u00bbsimple\u00a0\u00bb column_border_width=\u00a0\u00bbnone\u00a0\u00bb column_border_style=\u00a0\u00bbsolid\u00a0\u00bb][\/vc_column][\/vc_row]\n","protected":false},"excerpt":{"rendered":"<p>[vc_row type=\u00a0\u00bbin_container\u00a0\u00bb full_screen_row_position=\u00a0\u00bbmiddle\u00a0\u00bb column_margin=\u00a0\u00bbdefault\u00a0\u00bb equal_height=\u00a0\u00bbyes\u00a0\u00bb content_placement=\u00a0\u00bbmiddle\u00a0\u00bb column_direction=\u00a0\u00bbdefault\u00a0\u00bb column_direction_tablet=\u00a0\u00bbdefault\u00a0\u00bb column_direction_phone=\u00a0\u00bbdefault\u00a0\u00bb scene_position=\u00a0\u00bbcenter\u00a0\u00bb scale_desktop=\u00a0\u00bb1.01&Prime; text_color=\u00a0\u00bbdark\u00a0\u00bb text_align=\u00a0\u00bbleft\u00a0\u00bb row_border_radius=\u00a0\u00bbnone\u00a0\u00bb row_border_radius_applies=\u00a0\u00bbbg\u00a0\u00bb overflow=\u00a0\u00bbvisible\u00a0\u00bb overlay_strength=\u00a0\u00bb0.3&Prime; gradient_direction=\u00a0\u00bbleft_to_right\u00a0\u00bb shape_divider_position=\u00a0\u00bbbottom\u00a0\u00bb bg_image_animation=\u00a0\u00bbnone\u00a0\u00bb gradient_type=\u00a0\u00bbdefault\u00a0\u00bb shape_type=\u00a0\u00bb\u00a0\u00bb][vc_column column_padding=\u00a0\u00bbno-extra-padding\u00a0\u00bb column_padding_tablet=\u00a0\u00bbinherit\u00a0\u00bb column_padding_phone=\u00a0\u00bbinherit\u00a0\u00bb column_padding_position=\u00a0\u00bball\u00a0\u00bb column_element_direction_desktop=\u00a0\u00bbdefault\u00a0\u00bb column_element_spacing=\u00a0\u00bbdefault\u00a0\u00bb desktop_text_alignment=\u00a0\u00bbdefault\u00a0\u00bb tablet_text_alignment=\u00a0\u00bbdefault\u00a0\u00bb&#8230;<\/p>\n","protected":false},"author":6,"featured_media":4996,"comment_status":"closed","ping_status":"closed","sticky":false,"template":"","format":"standard","meta":{"footnotes":""},"categories":[28,22,27],"tags":[750,752,751],"class_list":{"0":"post-4991","1":"post","2":"type-post","3":"status-publish","4":"format-standard","5":"has-post-thumbnail","7":"category-insights","8":"category-nieuws","9":"category-transitiehelden-in-beeld","10":"tag-emma-adriaensen","11":"tag-jong-talent","12":"tag-knack"},"yoast_head":"<!-- This site is optimized with the Yoast SEO plugin v27.4 - https:\/\/yoast.com\/product\/yoast-seo-wordpress\/ -->\n<title>Knack zet collega Emma Adriaensen (29) in de kijker: duurzaamheid op industrieterreinen - Transition Stories<\/title>\n<meta name=\"description\" content=\"In Knack-rubriek Jong Talent deelt collega Emma haar visie en energie, en toont hoe jonge mensen met hun idee\u00ebn onze maatschappij mee vormgeven en inspireren.\" \/>\n<meta name=\"robots\" content=\"index, follow, max-snippet:-1, max-image-preview:large, max-video-preview:-1\" \/>\n<link rel=\"canonical\" href=\"https:\/\/transitionstories.be\/fr\/knack-zet-collega-emma-adriaensen-29-in-de-kijker-duurzaamheid-op-industrieterreinen\/\" \/>\n<meta property=\"og:locale\" content=\"fr_FR\" \/>\n<meta property=\"og:type\" content=\"article\" \/>\n<meta property=\"og:title\" content=\"Knack zet collega Emma Adriaensen (29) in de kijker: duurzaamheid op industrieterreinen - Transition Stories\" \/>\n<meta property=\"og:description\" content=\"In Knack-rubriek Jong Talent deelt collega Emma haar visie en energie, en toont hoe jonge mensen met hun idee\u00ebn onze maatschappij mee vormgeven en inspireren.\" \/>\n<meta property=\"og:url\" content=\"https:\/\/transitionstories.be\/fr\/knack-zet-collega-emma-adriaensen-29-in-de-kijker-duurzaamheid-op-industrieterreinen\/\" \/>\n<meta property=\"og:site_name\" content=\"Transition Stories\" \/>\n<meta property=\"article:publisher\" content=\"https:\/\/www.facebook.com\/transitionHeroes\/\" \/>\n<meta property=\"article:published_time\" content=\"2025-11-18T14:57:39+00:00\" \/>\n<meta property=\"article:modified_time\" content=\"2025-11-18T15:13:59+00:00\" \/>\n<meta property=\"og:image\" content=\"https:\/\/transitionstories.be\/wp-content\/uploads\/2025\/11\/Emma-jong-talent.jpg\" \/>\n\t<meta property=\"og:image:width\" content=\"741\" \/>\n\t<meta property=\"og:image:height\" content=\"918\" \/>\n\t<meta property=\"og:image:type\" content=\"image\/jpeg\" \/>\n<meta name=\"author\" content=\"Nathalie Van Yck\" \/>\n<meta name=\"twitter:card\" content=\"summary_large_image\" \/>\n<meta name=\"twitter:label1\" content=\"\u00c9crit par\" \/>\n\t<meta name=\"twitter:data1\" content=\"Nathalie Van Yck\" \/>\n\t<meta name=\"twitter:label2\" content=\"Dur\u00e9e de lecture estim\u00e9e\" \/>\n\t<meta name=\"twitter:data2\" content=\"3 minutes\" \/>\n<script type=\"application\/ld+json\" class=\"yoast-schema-graph\">{\"@context\":\"https:\\\/\\\/schema.org\",\"@graph\":[{\"@type\":\"Article\",\"@id\":\"https:\\\/\\\/transitionstories.be\\\/fr\\\/knack-zet-collega-emma-adriaensen-29-in-de-kijker-duurzaamheid-op-industrieterreinen\\\/#article\",\"isPartOf\":{\"@id\":\"https:\\\/\\\/transitionstories.be\\\/fr\\\/knack-zet-collega-emma-adriaensen-29-in-de-kijker-duurzaamheid-op-industrieterreinen\\\/\"},\"author\":{\"name\":\"Nathalie Van Yck\",\"@id\":\"https:\\\/\\\/transitionstories.be\\\/fr\\\/#\\\/schema\\\/person\\\/6d59dda9cfd9ae977b70b68c1cd36fc5\"},\"headline\":\"Knack zet collega Emma Adriaensen (29) in de kijker: duurzaamheid op industrieterreinen\",\"datePublished\":\"2025-11-18T14:57:39+00:00\",\"dateModified\":\"2025-11-18T15:13:59+00:00\",\"mainEntityOfPage\":{\"@id\":\"https:\\\/\\\/transitionstories.be\\\/fr\\\/knack-zet-collega-emma-adriaensen-29-in-de-kijker-duurzaamheid-op-industrieterreinen\\\/\"},\"wordCount\":1256,\"image\":{\"@id\":\"https:\\\/\\\/transitionstories.be\\\/fr\\\/knack-zet-collega-emma-adriaensen-29-in-de-kijker-duurzaamheid-op-industrieterreinen\\\/#primaryimage\"},\"thumbnailUrl\":\"https:\\\/\\\/transitionstories.be\\\/wp-content\\\/uploads\\\/2025\\\/11\\\/Emma-jong-talent.jpg\",\"keywords\":[\"Emma Adriaensen\",\"Jong Talent\",\"Knack\"],\"articleSection\":[\"Insights\",\"Nieuws\",\"Transitiehelden in beeld\"],\"inLanguage\":\"fr-FR\"},{\"@type\":\"WebPage\",\"@id\":\"https:\\\/\\\/transitionstories.be\\\/fr\\\/knack-zet-collega-emma-adriaensen-29-in-de-kijker-duurzaamheid-op-industrieterreinen\\\/\",\"url\":\"https:\\\/\\\/transitionstories.be\\\/fr\\\/knack-zet-collega-emma-adriaensen-29-in-de-kijker-duurzaamheid-op-industrieterreinen\\\/\",\"name\":\"Knack zet collega Emma Adriaensen (29) in de kijker: duurzaamheid op industrieterreinen - Transition Stories\",\"isPartOf\":{\"@id\":\"https:\\\/\\\/transitionstories.be\\\/fr\\\/#website\"},\"primaryImageOfPage\":{\"@id\":\"https:\\\/\\\/transitionstories.be\\\/fr\\\/knack-zet-collega-emma-adriaensen-29-in-de-kijker-duurzaamheid-op-industrieterreinen\\\/#primaryimage\"},\"image\":{\"@id\":\"https:\\\/\\\/transitionstories.be\\\/fr\\\/knack-zet-collega-emma-adriaensen-29-in-de-kijker-duurzaamheid-op-industrieterreinen\\\/#primaryimage\"},\"thumbnailUrl\":\"https:\\\/\\\/transitionstories.be\\\/wp-content\\\/uploads\\\/2025\\\/11\\\/Emma-jong-talent.jpg\",\"datePublished\":\"2025-11-18T14:57:39+00:00\",\"dateModified\":\"2025-11-18T15:13:59+00:00\",\"author\":{\"@id\":\"https:\\\/\\\/transitionstories.be\\\/fr\\\/#\\\/schema\\\/person\\\/6d59dda9cfd9ae977b70b68c1cd36fc5\"},\"description\":\"In Knack-rubriek Jong Talent deelt collega Emma haar visie en energie, en toont hoe jonge mensen met hun idee\u00ebn onze maatschappij mee vormgeven en inspireren.\",\"breadcrumb\":{\"@id\":\"https:\\\/\\\/transitionstories.be\\\/fr\\\/knack-zet-collega-emma-adriaensen-29-in-de-kijker-duurzaamheid-op-industrieterreinen\\\/#breadcrumb\"},\"inLanguage\":\"fr-FR\",\"potentialAction\":[{\"@type\":\"ReadAction\",\"target\":[\"https:\\\/\\\/transitionstories.be\\\/fr\\\/knack-zet-collega-emma-adriaensen-29-in-de-kijker-duurzaamheid-op-industrieterreinen\\\/\"]}]},{\"@type\":\"ImageObject\",\"inLanguage\":\"fr-FR\",\"@id\":\"https:\\\/\\\/transitionstories.be\\\/fr\\\/knack-zet-collega-emma-adriaensen-29-in-de-kijker-duurzaamheid-op-industrieterreinen\\\/#primaryimage\",\"url\":\"https:\\\/\\\/transitionstories.be\\\/wp-content\\\/uploads\\\/2025\\\/11\\\/Emma-jong-talent.jpg\",\"contentUrl\":\"https:\\\/\\\/transitionstories.be\\\/wp-content\\\/uploads\\\/2025\\\/11\\\/Emma-jong-talent.jpg\",\"width\":741,\"height\":918},{\"@type\":\"BreadcrumbList\",\"@id\":\"https:\\\/\\\/transitionstories.be\\\/fr\\\/knack-zet-collega-emma-adriaensen-29-in-de-kijker-duurzaamheid-op-industrieterreinen\\\/#breadcrumb\",\"itemListElement\":[{\"@type\":\"ListItem\",\"position\":1,\"name\":\"Home\",\"item\":\"https:\\\/\\\/transitionstories.be\\\/fr\\\/\"},{\"@type\":\"ListItem\",\"position\":2,\"name\":\"Nouvelles\",\"item\":\"https:\\\/\\\/transitionstories.be\\\/fr\\\/category\\\/nouvelles\\\/\"},{\"@type\":\"ListItem\",\"position\":3,\"name\":\"Knack zet collega Emma Adriaensen (29) in de kijker: duurzaamheid op industrieterreinen\"}]},{\"@type\":\"WebSite\",\"@id\":\"https:\\\/\\\/transitionstories.be\\\/fr\\\/#website\",\"url\":\"https:\\\/\\\/transitionstories.be\\\/fr\\\/\",\"name\":\"Transition Stories\",\"description\":\"Unboxing Sustainable Solutions\",\"potentialAction\":[{\"@type\":\"SearchAction\",\"target\":{\"@type\":\"EntryPoint\",\"urlTemplate\":\"https:\\\/\\\/transitionstories.be\\\/fr\\\/?s={search_term_string}\"},\"query-input\":{\"@type\":\"PropertyValueSpecification\",\"valueRequired\":true,\"valueName\":\"search_term_string\"}}],\"inLanguage\":\"fr-FR\"},{\"@type\":\"Person\",\"@id\":\"https:\\\/\\\/transitionstories.be\\\/fr\\\/#\\\/schema\\\/person\\\/6d59dda9cfd9ae977b70b68c1cd36fc5\",\"name\":\"Nathalie Van Yck\",\"image\":{\"@type\":\"ImageObject\",\"inLanguage\":\"fr-FR\",\"@id\":\"https:\\\/\\\/secure.gravatar.com\\\/avatar\\\/319c7b1cf5422bf9220c51ec272be16f895d191b286a6749f195c620cb057cc7?s=96&d=mm&r=g\",\"url\":\"https:\\\/\\\/secure.gravatar.com\\\/avatar\\\/319c7b1cf5422bf9220c51ec272be16f895d191b286a6749f195c620cb057cc7?s=96&d=mm&r=g\",\"contentUrl\":\"https:\\\/\\\/secure.gravatar.com\\\/avatar\\\/319c7b1cf5422bf9220c51ec272be16f895d191b286a6749f195c620cb057cc7?s=96&d=mm&r=g\",\"caption\":\"Nathalie Van Yck\"}}]}<\/script>\n<!-- \/ Yoast SEO plugin. -->","yoast_head_json":{"title":"Knack zet collega Emma Adriaensen (29) in de kijker: duurzaamheid op industrieterreinen - Transition Stories","description":"In Knack-rubriek Jong Talent deelt collega Emma haar visie en energie, en toont hoe jonge mensen met hun idee\u00ebn onze maatschappij mee vormgeven en inspireren.","robots":{"index":"index","follow":"follow","max-snippet":"max-snippet:-1","max-image-preview":"max-image-preview:large","max-video-preview":"max-video-preview:-1"},"canonical":"https:\/\/transitionstories.be\/fr\/knack-zet-collega-emma-adriaensen-29-in-de-kijker-duurzaamheid-op-industrieterreinen\/","og_locale":"fr_FR","og_type":"article","og_title":"Knack zet collega Emma Adriaensen (29) in de kijker: duurzaamheid op industrieterreinen - Transition Stories","og_description":"In Knack-rubriek Jong Talent deelt collega Emma haar visie en energie, en toont hoe jonge mensen met hun idee\u00ebn onze maatschappij mee vormgeven en inspireren.","og_url":"https:\/\/transitionstories.be\/fr\/knack-zet-collega-emma-adriaensen-29-in-de-kijker-duurzaamheid-op-industrieterreinen\/","og_site_name":"Transition Stories","article_publisher":"https:\/\/www.facebook.com\/transitionHeroes\/","article_published_time":"2025-11-18T14:57:39+00:00","article_modified_time":"2025-11-18T15:13:59+00:00","og_image":[{"width":741,"height":918,"url":"https:\/\/transitionstories.be\/wp-content\/uploads\/2025\/11\/Emma-jong-talent.jpg","type":"image\/jpeg"}],"author":"Nathalie Van Yck","twitter_card":"summary_large_image","twitter_misc":{"\u00c9crit par":"Nathalie Van Yck","Dur\u00e9e de lecture estim\u00e9e":"3 minutes"},"schema":{"@context":"https:\/\/schema.org","@graph":[{"@type":"Article","@id":"https:\/\/transitionstories.be\/fr\/knack-zet-collega-emma-adriaensen-29-in-de-kijker-duurzaamheid-op-industrieterreinen\/#article","isPartOf":{"@id":"https:\/\/transitionstories.be\/fr\/knack-zet-collega-emma-adriaensen-29-in-de-kijker-duurzaamheid-op-industrieterreinen\/"},"author":{"name":"Nathalie Van Yck","@id":"https:\/\/transitionstories.be\/fr\/#\/schema\/person\/6d59dda9cfd9ae977b70b68c1cd36fc5"},"headline":"Knack zet collega Emma Adriaensen (29) in de kijker: duurzaamheid op industrieterreinen","datePublished":"2025-11-18T14:57:39+00:00","dateModified":"2025-11-18T15:13:59+00:00","mainEntityOfPage":{"@id":"https:\/\/transitionstories.be\/fr\/knack-zet-collega-emma-adriaensen-29-in-de-kijker-duurzaamheid-op-industrieterreinen\/"},"wordCount":1256,"image":{"@id":"https:\/\/transitionstories.be\/fr\/knack-zet-collega-emma-adriaensen-29-in-de-kijker-duurzaamheid-op-industrieterreinen\/#primaryimage"},"thumbnailUrl":"https:\/\/transitionstories.be\/wp-content\/uploads\/2025\/11\/Emma-jong-talent.jpg","keywords":["Emma Adriaensen","Jong Talent","Knack"],"articleSection":["Insights","Nieuws","Transitiehelden in beeld"],"inLanguage":"fr-FR"},{"@type":"WebPage","@id":"https:\/\/transitionstories.be\/fr\/knack-zet-collega-emma-adriaensen-29-in-de-kijker-duurzaamheid-op-industrieterreinen\/","url":"https:\/\/transitionstories.be\/fr\/knack-zet-collega-emma-adriaensen-29-in-de-kijker-duurzaamheid-op-industrieterreinen\/","name":"Knack zet collega Emma Adriaensen (29) in de kijker: duurzaamheid op industrieterreinen - Transition Stories","isPartOf":{"@id":"https:\/\/transitionstories.be\/fr\/#website"},"primaryImageOfPage":{"@id":"https:\/\/transitionstories.be\/fr\/knack-zet-collega-emma-adriaensen-29-in-de-kijker-duurzaamheid-op-industrieterreinen\/#primaryimage"},"image":{"@id":"https:\/\/transitionstories.be\/fr\/knack-zet-collega-emma-adriaensen-29-in-de-kijker-duurzaamheid-op-industrieterreinen\/#primaryimage"},"thumbnailUrl":"https:\/\/transitionstories.be\/wp-content\/uploads\/2025\/11\/Emma-jong-talent.jpg","datePublished":"2025-11-18T14:57:39+00:00","dateModified":"2025-11-18T15:13:59+00:00","author":{"@id":"https:\/\/transitionstories.be\/fr\/#\/schema\/person\/6d59dda9cfd9ae977b70b68c1cd36fc5"},"description":"In Knack-rubriek Jong Talent deelt collega Emma haar visie en energie, en toont hoe jonge mensen met hun idee\u00ebn onze maatschappij mee vormgeven en inspireren.","breadcrumb":{"@id":"https:\/\/transitionstories.be\/fr\/knack-zet-collega-emma-adriaensen-29-in-de-kijker-duurzaamheid-op-industrieterreinen\/#breadcrumb"},"inLanguage":"fr-FR","potentialAction":[{"@type":"ReadAction","target":["https:\/\/transitionstories.be\/fr\/knack-zet-collega-emma-adriaensen-29-in-de-kijker-duurzaamheid-op-industrieterreinen\/"]}]},{"@type":"ImageObject","inLanguage":"fr-FR","@id":"https:\/\/transitionstories.be\/fr\/knack-zet-collega-emma-adriaensen-29-in-de-kijker-duurzaamheid-op-industrieterreinen\/#primaryimage","url":"https:\/\/transitionstories.be\/wp-content\/uploads\/2025\/11\/Emma-jong-talent.jpg","contentUrl":"https:\/\/transitionstories.be\/wp-content\/uploads\/2025\/11\/Emma-jong-talent.jpg","width":741,"height":918},{"@type":"BreadcrumbList","@id":"https:\/\/transitionstories.be\/fr\/knack-zet-collega-emma-adriaensen-29-in-de-kijker-duurzaamheid-op-industrieterreinen\/#breadcrumb","itemListElement":[{"@type":"ListItem","position":1,"name":"Home","item":"https:\/\/transitionstories.be\/fr\/"},{"@type":"ListItem","position":2,"name":"Nouvelles","item":"https:\/\/transitionstories.be\/fr\/category\/nouvelles\/"},{"@type":"ListItem","position":3,"name":"Knack zet collega Emma Adriaensen (29) in de kijker: duurzaamheid op industrieterreinen"}]},{"@type":"WebSite","@id":"https:\/\/transitionstories.be\/fr\/#website","url":"https:\/\/transitionstories.be\/fr\/","name":"Transition Stories","description":"Unboxing Sustainable Solutions","potentialAction":[{"@type":"SearchAction","target":{"@type":"EntryPoint","urlTemplate":"https:\/\/transitionstories.be\/fr\/?s={search_term_string}"},"query-input":{"@type":"PropertyValueSpecification","valueRequired":true,"valueName":"search_term_string"}}],"inLanguage":"fr-FR"},{"@type":"Person","@id":"https:\/\/transitionstories.be\/fr\/#\/schema\/person\/6d59dda9cfd9ae977b70b68c1cd36fc5","name":"Nathalie Van Yck","image":{"@type":"ImageObject","inLanguage":"fr-FR","@id":"https:\/\/secure.gravatar.com\/avatar\/319c7b1cf5422bf9220c51ec272be16f895d191b286a6749f195c620cb057cc7?s=96&d=mm&r=g","url":"https:\/\/secure.gravatar.com\/avatar\/319c7b1cf5422bf9220c51ec272be16f895d191b286a6749f195c620cb057cc7?s=96&d=mm&r=g","contentUrl":"https:\/\/secure.gravatar.com\/avatar\/319c7b1cf5422bf9220c51ec272be16f895d191b286a6749f195c620cb057cc7?s=96&d=mm&r=g","caption":"Nathalie Van Yck"}}]}},"_links":{"self":[{"href":"https:\/\/transitionstories.be\/fr\/wp-json\/wp\/v2\/posts\/4991","targetHints":{"allow":["GET"]}}],"collection":[{"href":"https:\/\/transitionstories.be\/fr\/wp-json\/wp\/v2\/posts"}],"about":[{"href":"https:\/\/transitionstories.be\/fr\/wp-json\/wp\/v2\/types\/post"}],"author":[{"embeddable":true,"href":"https:\/\/transitionstories.be\/fr\/wp-json\/wp\/v2\/users\/6"}],"replies":[{"embeddable":true,"href":"https:\/\/transitionstories.be\/fr\/wp-json\/wp\/v2\/comments?post=4991"}],"version-history":[{"count":4,"href":"https:\/\/transitionstories.be\/fr\/wp-json\/wp\/v2\/posts\/4991\/revisions"}],"predecessor-version":[{"id":4994,"href":"https:\/\/transitionstories.be\/fr\/wp-json\/wp\/v2\/posts\/4991\/revisions\/4994"}],"wp:featuredmedia":[{"embeddable":true,"href":"https:\/\/transitionstories.be\/fr\/wp-json\/wp\/v2\/media\/4996"}],"wp:attachment":[{"href":"https:\/\/transitionstories.be\/fr\/wp-json\/wp\/v2\/media?parent=4991"}],"wp:term":[{"taxonomy":"category","embeddable":true,"href":"https:\/\/transitionstories.be\/fr\/wp-json\/wp\/v2\/categories?post=4991"},{"taxonomy":"post_tag","embeddable":true,"href":"https:\/\/transitionstories.be\/fr\/wp-json\/wp\/v2\/tags?post=4991"}],"curies":[{"name":"wp","href":"https:\/\/api.w.org\/{rel}","templated":true}]}}