{"id":2449,"date":"2021-02-01T21:09:46","date_gmt":"2021-02-01T20:09:46","guid":{"rendered":"https:\/\/transitionstories.be\/turnhoutklimaatneutraalklimaatrobuust\/"},"modified":"2024-06-17T20:40:38","modified_gmt":"2024-06-17T18:40:38","slug":"turnhout-climatiquement-neutre-climatiquement-robuste","status":"publish","type":"post","link":"https:\/\/transitionstories.be\/fr\/turnhout-climatiquement-neutre-climatiquement-robuste\/","title":{"rendered":"Turnhout franchit une \u00e9tape majeure vers une ville neutre en carbone et r\u00e9siliente face au climat"},"content":{"rendered":"[vc_row type=\u00a0\u00bbin_container\u00a0\u00bb full_screen_row_position=\u00a0\u00bbmiddle\u00a0\u00bb column_margin=\u00a0\u00bbdefault\u00a0\u00bb column_direction=\u00a0\u00bbdefault\u00a0\u00bb column_direction_tablet=\u00a0\u00bbdefault\u00a0\u00bb column_direction_phone=\u00a0\u00bbdefault\u00a0\u00bb scene_position=\u00a0\u00bbcenter\u00a0\u00bb text_color=\u00a0\u00bbdark\u00a0\u00bb text_align=\u00a0\u00bbleft\u00a0\u00bb row_border_radius=\u00a0\u00bbnone\u00a0\u00bb row_border_radius_applies=\u00a0\u00bbbg\u00a0\u00bb overflow=\u00a0\u00bbvisible\u00a0\u00bb overlay_strength=\u00a0\u00bb0.3&Prime; gradient_direction=\u00a0\u00bbleft_to_right\u00a0\u00bb shape_divider_position=\u00a0\u00bbbottom\u00a0\u00bb bg_image_animation=\u00a0\u00bbnone\u00a0\u00bb][vc_column column_padding=\u00a0\u00bbno-extra-padding\u00a0\u00bb column_padding_tablet=\u00a0\u00bbinherit\u00a0\u00bb column_padding_phone=\u00a0\u00bbinherit\u00a0\u00bb column_padding_position=\u00a0\u00bball\u00a0\u00bb column_element_direction_desktop=\u00a0\u00bbdefault\u00a0\u00bb column_element_spacing=\u00a0\u00bbdefault\u00a0\u00bb desktop_text_alignment=\u00a0\u00bbdefault\u00a0\u00bb tablet_text_alignment=\u00a0\u00bbdefault\u00a0\u00bb phone_text_alignment=\u00a0\u00bbdefault\u00a0\u00bb background_color_opacity=\u00a0\u00bb1&Prime; background_hover_color_opacity=\u00a0\u00bb1&Prime; column_backdrop_filter=\u00a0\u00bbnone\u00a0\u00bb column_shadow=\u00a0\u00bbnone\u00a0\u00bb column_border_radius=\u00a0\u00bbnone\u00a0\u00bb column_link_target=\u00a0\u00bb_self\u00a0\u00bb column_position=\u00a0\u00bbdefault\u00a0\u00bb gradient_direction=\u00a0\u00bbleft_to_right\u00a0\u00bb overlay_strength=\u00a0\u00bb0.3&Prime; width=\u00a0\u00bb1\/1&Prime; tablet_width_inherit=\u00a0\u00bbdefault\u00a0\u00bb animation_type=\u00a0\u00bbdefault\u00a0\u00bb bg_image_animation=\u00a0\u00bbnone\u00a0\u00bb border_type=\u00a0\u00bbsimple\u00a0\u00bb column_border_width=\u00a0\u00bbnone\u00a0\u00bb column_border_style=\u00a0\u00bbsolid\u00a0\u00bb][vc_column_text css=\u00a0\u00bb\u00a0\u00bb text_direction=\u00a0\u00bbdefault\u00a0\u00bb]\n<div class=\"date\"><\/div>\n<div class=\"user-content\">\n<h4>Communiqu\u00e9 de presse 20 janvier 2021 (Ville de Turnhout &amp; Transition Stories)<\/h4>\n<p>D&rsquo;ici 2050, la ville de Turnhout vise \u00e0 devenir une ville climatiquement neutre. Cependant, l&rsquo;objectif ultime est encore plus ambitieux : Turnhout doit \u00e9galement devenir une ville r\u00e9siliente face au climat pour faire face aux cons\u00e9quences du changement climatique qui s&rsquo;av\u00e8rent d\u00e9j\u00e0 irr\u00e9versibles, telles que le stress thermique, la s\u00e9cheresse et le risque d&rsquo;inondations d\u00fb \u00e0 des pr\u00e9cipitations plus importantes. C&rsquo;est pourquoi le gouvernement de la ville pr\u00e9pare d\u00e8s maintenant un plan climatique. Il s&rsquo;agit d&rsquo;un plan ambitieux et int\u00e9gr\u00e9 dans lequel toutes les questions cl\u00e9s li\u00e9es au climat seront examin\u00e9es. \u00ab\u00a0En premier lieu, avec notre plan climatique, nous d\u00e9finissons les mesures que nous prendrons au cours de ce mandat et nous nous concentrons sur la situation que nous devrons atteindre en 2030\u00a0\u00bb, explique Astrid Wittebolle, \u00e9chevine de l&rsquo;Environnement, de l&rsquo;\u00c9nergie et du D\u00e9veloppement durable. \u00ab\u00a0Nous nous sommes engag\u00e9s \u00e0 le faire par le biais de la Convention europ\u00e9enne des maires 2030, dans le cadre de l&rsquo;initiative Kempen2030. Mais nous pr\u00e9parons d\u00e9j\u00e0 les prochaines \u00e9tapes. Parmi les actions pour 2030, nous donnons un aper\u00e7u de l&rsquo;objectif \u00e0 atteindre en 2050. Nous voulons nous assurer, ainsi que les habitants de Turnhout, que tout ce que nous faisons sera utile \u00e0 long terme.\u00a0\u00bb<\/p>\n<p>Les d\u00e9fis de la planification climatique exigent des efforts sans pr\u00e9c\u00e9dent de collaboration sociale et de solidarit\u00e9. La ville de Turnhout, en tant que pionni\u00e8re dans la r\u00e9gion des Campines, en est bien consciente. \u00ab\u00a0Le plan climatique ne peut \u00eatre dissoci\u00e9 de nos autres plans et projets\u00a0\u00bb , poursuit l&rsquo;adjointe au maire Wittebolle. \u00ab\u00a0Nous menons notre politique urbaine au-del\u00e0 des comp\u00e9tences et tissons les objectifs et ambitions de notre accord de gouvernement en un tout coh\u00e9rent et interd\u00e9pendant. Ainsi, une politique climatique pr\u00e9cieuse s&rsquo;harmonisera avec des th\u00e8mes tels qu&rsquo;une mobilit\u00e9 fluide, une politique de lutte contre la pauvret\u00e9 chaleureuse et un tissu \u00e9conomique sain. Je suis convaincue que notre objectif de devenir une ville climatiquement neutre et r\u00e9siliente est une pi\u00e8ce ma\u00eetresse de l&rsquo;engrenage d&rsquo;une ville agr\u00e9able, dynamique et belle pour chaque habitant de Turnhout et chaque visiteur\u00a0\u00bb<\/p>\n<\/div>\n<p><strong>Un consortium de recherche guide le processus<\/strong><\/p>\n<p>La politique climatique n&rsquo;est pas une nouveaut\u00e9 dans le contexte urbain de Turnhout. Le conseil municipal disposait d\u00e9j\u00e0 d&rsquo;un Plan Climat 2020. \u00ab\u00a0Nous nous appuyons sur les points forts de la politique men\u00e9e ces dix derni\u00e8res ann\u00e9es. Parmi les r\u00e9sultats tangibles, citons le d\u00e9ploiement d&rsquo;une politique cycliste \u00e0 part enti\u00e8re \u00e0 Turnhout avec des rues cyclables, la r\u00e9alisation de la Stadboerderij et du parc climatique Heizijdse Velden, ainsi que le premier r\u00e9seau de chaleur de Turnhout \u00e0 Niefhout. Mais nous savons que nous devons acc\u00e9l\u00e9rer sur de nombreux fronts. Les dix prochaines ann\u00e9es seront d\u00e9cisives pour maintenir nos opportunit\u00e9s au frais afin que nous puissions r\u00e9aliser nos ambitions d&rsquo;ici 2050. C&rsquo;est pourquoi notre nouveau plan climatique vise \u00e0 r\u00e9duire les \u00e9missions de gaz \u00e0 effet de serre, \u00e0 s&rsquo;adapter aux effets du changement climatique et \u00e0 encourager la consommation locale et durable de produits et de mat\u00e9riaux dans toute la ville.\u00a0\u00bb<\/p>\n<p>En 2020, le conseil municipal a sollicit\u00e9 une aide sp\u00e9cialis\u00e9e pour \u00e9tudier les actions climatiques possibles et \u00e9laborer concr\u00e8tement le plan, en collaboration avec ses propres services. La mission a \u00e9t\u00e9 confi\u00e9e \u00e0 un consortium dirig\u00e9 par l&rsquo;entreprise Transition Stories, bas\u00e9e \u00e0 Turnhout, et compos\u00e9 de Kapho consulting, Witteveen et Bos, VentureLink, Culd, BBL et Els Vrints. Le nouveau plan climatique devrait \u00eatre pr\u00eat \u00e0 l&rsquo;automne 2021, apr\u00e8s quoi les premi\u00e8res actions seront lanc\u00e9es. Des initiatives de coop\u00e9ration intelligente entre le conseil municipal et les citoyens, les entreprises et les organisations de Turnhout seront alors lanc\u00e9es.<\/p>\n<p>La collaboration, l&rsquo;engagement positif et l&rsquo;entrepreneuriat social caract\u00e9risent le partenariat et donc le processus pr\u00e9paratoire de notre nouveau plan climatique\u00a0\u00bb, conclut l&rsquo;\u00e9chevin Wittebolle. Nous nous effor\u00e7ons \u00e9galement d&rsquo;\u00e9tablir une bonne relation avec les citoyens, les entreprises et les organisations de Turnhout, et nous nous engageons \u00e0 apporter notre soutien au-del\u00e0 des fronti\u00e8res politiques. Apr\u00e8s tout, nous n&rsquo;avons qu&rsquo;un seul Turnhout, et c&rsquo;est ensemble que nous le pr\u00e9parons pour l&rsquo;avenir.<\/p>\n<p>(source photo: By Photo Dante &#8211; Own work, CC BY-SA 3.0, https:\/\/commons.wikimedia.org\/w\/index.php?curid=30575957 )[\/vc_column_text][image_with_animation image_url=\u00a0\u00bb517&Prime; image_size=\u00a0\u00bbfull\u00a0\u00bb animation_type=\u00a0\u00bbentrance\u00a0\u00bb animation=\u00a0\u00bbFade In\u00a0\u00bb animation_easing=\u00a0\u00bbdefault\u00a0\u00bb animation_movement_type=\u00a0\u00bbtransform_y\u00a0\u00bb hover_animation=\u00a0\u00bbnone\u00a0\u00bb alignment=\u00a0\u00bbcenter\u00a0\u00bb border_radius=\u00a0\u00bbnone\u00a0\u00bb box_shadow=\u00a0\u00bbnone\u00a0\u00bb image_loading=\u00a0\u00bbdefault\u00a0\u00bb max_width=\u00a0\u00bb100%\u00a0\u00bb max_width_mobile=\u00a0\u00bbdefault\u00a0\u00bb][\/vc_column][\/vc_row][vc_row type=\u00a0\u00bbfull_width_background\u00a0\u00bb full_screen_row_position=\u00a0\u00bbmiddle\u00a0\u00bb column_margin=\u00a0\u00bbdefault\u00a0\u00bb equal_height=\u00a0\u00bbyes\u00a0\u00bb content_placement=\u00a0\u00bbmiddle\u00a0\u00bb column_direction=\u00a0\u00bbdefault\u00a0\u00bb column_direction_tablet=\u00a0\u00bbdefault\u00a0\u00bb column_direction_phone=\u00a0\u00bbdefault\u00a0\u00bb bg_image=\u00a0\u00bb71&Prime; bg_position=\u00a0\u00bbcenter bottom\u00a0\u00bb background_image_loading=\u00a0\u00bbdefault\u00a0\u00bb bg_repeat=\u00a0\u00bbno-repeat\u00a0\u00bb scene_position=\u00a0\u00bbcenter\u00a0\u00bb top_padding=\u00a0\u00bb5%\u00a0\u00bb bottom_padding=\u00a0\u00bb5%\u00a0\u00bb text_color=\u00a0\u00bblight\u00a0\u00bb text_align=\u00a0\u00bbcenter\u00a0\u00bb row_border_radius=\u00a0\u00bbnone\u00a0\u00bb row_border_radius_applies=\u00a0\u00bbbg\u00a0\u00bb overflow=\u00a0\u00bbvisible\u00a0\u00bb color_overlay=\u00a0\u00bb#011c4e\u00a0\u00bb overlay_strength=\u00a0\u00bb0.5&Prime; gradient_direction=\u00a0\u00bbleft_to_right\u00a0\u00bb shape_divider_position=\u00a0\u00bbbottom\u00a0\u00bb bg_image_animation=\u00a0\u00bbnone\u00a0\u00bb shape_type=\u00a0\u00bb\u00a0\u00bb][vc_column column_padding=\u00a0\u00bbno-extra-padding\u00a0\u00bb column_padding_tablet=\u00a0\u00bbinherit\u00a0\u00bb column_padding_phone=\u00a0\u00bbinherit\u00a0\u00bb column_padding_position=\u00a0\u00bball\u00a0\u00bb column_element_direction_desktop=\u00a0\u00bbdefault\u00a0\u00bb column_element_spacing=\u00a0\u00bbdefault\u00a0\u00bb desktop_text_alignment=\u00a0\u00bbdefault\u00a0\u00bb tablet_text_alignment=\u00a0\u00bbdefault\u00a0\u00bb phone_text_alignment=\u00a0\u00bbdefault\u00a0\u00bb background_color_opacity=\u00a0\u00bb1&Prime; background_hover_color_opacity=\u00a0\u00bb1&Prime; column_backdrop_filter=\u00a0\u00bbnone\u00a0\u00bb column_shadow=\u00a0\u00bbnone\u00a0\u00bb column_border_radius=\u00a0\u00bbnone\u00a0\u00bb column_link_target=\u00a0\u00bb_self\u00a0\u00bb column_position=\u00a0\u00bbdefault\u00a0\u00bb gradient_direction=\u00a0\u00bbleft_to_right\u00a0\u00bb overlay_strength=\u00a0\u00bb0.3&Prime; width=\u00a0\u00bb1\/1&Prime; tablet_width_inherit=\u00a0\u00bbdefault\u00a0\u00bb animation_type=\u00a0\u00bbdefault\u00a0\u00bb bg_image_animation=\u00a0\u00bbnone\u00a0\u00bb border_type=\u00a0\u00bbsimple\u00a0\u00bb column_border_width=\u00a0\u00bbnone\u00a0\u00bb column_border_style=\u00a0\u00bbsolid\u00a0\u00bb][vc_column_text css=\u00a0\u00bb\u00a0\u00bb text_direction=\u00a0\u00bbdefault\u00a0\u00bb]\n<h2 style=\"text-align: center;\">Vous souhaitez en savoir plus sur les services que nous proposons aux collectivit\u00e9s locales pour l&rsquo;\u00e9laboration et la mise en \u0153uvre de leur politique locale en mati\u00e8re d&rsquo;\u00e9nergie et de climat?<\/h2>\n[\/vc_column_text][nectar_btn size=\u00a0\u00bblarge\u00a0\u00bb button_style=\u00a0\u00bbregular\u00a0\u00bb button_color_2=\u00a0\u00bbExtra-Color-1&Prime; icon_family=\u00a0\u00bbnone\u00a0\u00bb url=\u00a0\u00bb\/contact\/\u00a0\u00bb text=\u00a0\u00bbContactez-nous!\u00a0\u00bb][\/vc_column][\/vc_row]\n","protected":false},"excerpt":{"rendered":"<p>[vc_row type=\u00a0\u00bbin_container\u00a0\u00bb full_screen_row_position=\u00a0\u00bbmiddle\u00a0\u00bb column_margin=\u00a0\u00bbdefault\u00a0\u00bb column_direction=\u00a0\u00bbdefault\u00a0\u00bb column_direction_tablet=\u00a0\u00bbdefault\u00a0\u00bb column_direction_phone=\u00a0\u00bbdefault\u00a0\u00bb scene_position=\u00a0\u00bbcenter\u00a0\u00bb text_color=\u00a0\u00bbdark\u00a0\u00bb text_align=\u00a0\u00bbleft\u00a0\u00bb row_border_radius=\u00a0\u00bbnone\u00a0\u00bb row_border_radius_applies=\u00a0\u00bbbg\u00a0\u00bb overflow=\u00a0\u00bbvisible\u00a0\u00bb overlay_strength=\u00a0\u00bb0.3&Prime; gradient_direction=\u00a0\u00bbleft_to_right\u00a0\u00bb shape_divider_position=\u00a0\u00bbbottom\u00a0\u00bb bg_image_animation=\u00a0\u00bbnone\u00a0\u00bb][vc_column column_padding=\u00a0\u00bbno-extra-padding\u00a0\u00bb column_padding_tablet=\u00a0\u00bbinherit\u00a0\u00bb column_padding_phone=\u00a0\u00bbinherit\u00a0\u00bb column_padding_position=\u00a0\u00bball\u00a0\u00bb column_element_direction_desktop=\u00a0\u00bbdefault\u00a0\u00bb column_element_spacing=\u00a0\u00bbdefault\u00a0\u00bb desktop_text_alignment=\u00a0\u00bbdefault\u00a0\u00bb tablet_text_alignment=\u00a0\u00bbdefault\u00a0\u00bb phone_text_alignment=\u00a0\u00bbdefault\u00a0\u00bb background_color_opacity=\u00a0\u00bb1&Prime; background_hover_color_opacity=\u00a0\u00bb1&Prime; column_backdrop_filter=\u00a0\u00bbnone\u00a0\u00bb column_shadow=\u00a0\u00bbnone\u00a0\u00bb&#8230;<\/p>\n","protected":false},"author":4,"featured_media":2450,"comment_status":"closed","ping_status":"closed","sticky":false,"template":"","format":"standard","meta":{"footnotes":""},"categories":[422],"tags":[588],"class_list":{"0":"post-2449","1":"post","2":"type-post","3":"status-publish","4":"format-standard","5":"has-post-thumbnail","7":"category-nouvelles","8":"tag-ville-de-turnhout"},"yoast_head":"<!-- This site is optimized with the Yoast SEO plugin v27.4 - https:\/\/yoast.com\/product\/yoast-seo-wordpress\/ -->\n<title>Turnhout franchit une \u00e9tape majeure vers une ville neutre en carbone et r\u00e9siliente face au climat - Transition Stories<\/title>\n<meta name=\"description\" content=\"D&#039;ici 2050, la ville de Turnhout vise \u00e0 devenir une ville climatiquement neutre. Cependant, l&#039;objectif ultime est encore plus ambitieux : Turnhout doit \u00e9galement devenir une ville r\u00e9siliente face au climat pour faire face aux cons\u00e9quences du changement climatique qui s&#039;av\u00e8rent d\u00e9j\u00e0 irr\u00e9versibles, telles que le stress thermique, la s\u00e9cheresse et le risque d&#039;inondations d\u00fb \u00e0 des pr\u00e9cipitations plus importantes.\" \/>\n<meta name=\"robots\" content=\"index, follow, max-snippet:-1, max-image-preview:large, max-video-preview:-1\" \/>\n<link rel=\"canonical\" href=\"https:\/\/transitionstories.be\/fr\/turnhout-climatiquement-neutre-climatiquement-robuste\/\" \/>\n<meta property=\"og:locale\" content=\"fr_FR\" \/>\n<meta property=\"og:type\" content=\"article\" \/>\n<meta property=\"og:title\" content=\"Turnhout franchit une \u00e9tape majeure vers une ville neutre en carbone et r\u00e9siliente face au climat - Transition Stories\" \/>\n<meta property=\"og:description\" content=\"D&#039;ici 2050, la ville de Turnhout vise \u00e0 devenir une ville climatiquement neutre. Cependant, l&#039;objectif ultime est encore plus ambitieux : Turnhout doit \u00e9galement devenir une ville r\u00e9siliente face au climat pour faire face aux cons\u00e9quences du changement climatique qui s&#039;av\u00e8rent d\u00e9j\u00e0 irr\u00e9versibles, telles que le stress thermique, la s\u00e9cheresse et le risque d&#039;inondations d\u00fb \u00e0 des pr\u00e9cipitations plus importantes.\" \/>\n<meta property=\"og:url\" content=\"https:\/\/transitionstories.be\/fr\/turnhout-climatiquement-neutre-climatiquement-robuste\/\" \/>\n<meta property=\"og:site_name\" content=\"Transition Stories\" \/>\n<meta property=\"article:publisher\" content=\"https:\/\/www.facebook.com\/transitionHeroes\/\" \/>\n<meta property=\"article:published_time\" content=\"2021-02-01T20:09:46+00:00\" \/>\n<meta property=\"article:modified_time\" content=\"2024-06-17T18:40:38+00:00\" \/>\n<meta property=\"og:image\" content=\"https:\/\/transitionstories.be\/wp-content\/uploads\/2021\/02\/Fiets_en_wandel_brug_Turnhout_Bels_lijntje_01.jpg\" \/>\n\t<meta property=\"og:image:width\" content=\"1024\" \/>\n\t<meta property=\"og:image:height\" content=\"683\" \/>\n\t<meta property=\"og:image:type\" content=\"image\/jpeg\" \/>\n<meta name=\"author\" content=\"Wouter Cyx\" \/>\n<meta name=\"twitter:card\" content=\"summary_large_image\" \/>\n<meta name=\"twitter:label1\" content=\"\u00c9crit par\" \/>\n\t<meta name=\"twitter:data1\" content=\"Wouter Cyx\" \/>\n\t<meta name=\"twitter:label2\" content=\"Dur\u00e9e de lecture estim\u00e9e\" \/>\n\t<meta name=\"twitter:data2\" content=\"5 minutes\" \/>\n<script type=\"application\/ld+json\" class=\"yoast-schema-graph\">{\"@context\":\"https:\\\/\\\/schema.org\",\"@graph\":[{\"@type\":\"Article\",\"@id\":\"https:\\\/\\\/transitionstories.be\\\/fr\\\/turnhout-climatiquement-neutre-climatiquement-robuste\\\/#article\",\"isPartOf\":{\"@id\":\"https:\\\/\\\/transitionstories.be\\\/fr\\\/turnhout-climatiquement-neutre-climatiquement-robuste\\\/\"},\"author\":{\"name\":\"Wouter Cyx\",\"@id\":\"https:\\\/\\\/transitionstories.be\\\/fr\\\/#\\\/schema\\\/person\\\/adf1c60baac395d359eb392d25ec3262\"},\"headline\":\"Turnhout franchit une \u00e9tape majeure vers une ville neutre en carbone et r\u00e9siliente face au climat\",\"datePublished\":\"2021-02-01T20:09:46+00:00\",\"dateModified\":\"2024-06-17T18:40:38+00:00\",\"mainEntityOfPage\":{\"@id\":\"https:\\\/\\\/transitionstories.be\\\/fr\\\/turnhout-climatiquement-neutre-climatiquement-robuste\\\/\"},\"wordCount\":1236,\"image\":{\"@id\":\"https:\\\/\\\/transitionstories.be\\\/fr\\\/turnhout-climatiquement-neutre-climatiquement-robuste\\\/#primaryimage\"},\"thumbnailUrl\":\"https:\\\/\\\/transitionstories.be\\\/wp-content\\\/uploads\\\/2021\\\/02\\\/Fiets_en_wandel_brug_Turnhout_Bels_lijntje_01.jpg\",\"keywords\":[\"ville de Turnhout\"],\"articleSection\":[\"Nouvelles\"],\"inLanguage\":\"fr-FR\"},{\"@type\":\"WebPage\",\"@id\":\"https:\\\/\\\/transitionstories.be\\\/fr\\\/turnhout-climatiquement-neutre-climatiquement-robuste\\\/\",\"url\":\"https:\\\/\\\/transitionstories.be\\\/fr\\\/turnhout-climatiquement-neutre-climatiquement-robuste\\\/\",\"name\":\"Turnhout franchit une \u00e9tape majeure vers une ville neutre en carbone et r\u00e9siliente face au climat - Transition Stories\",\"isPartOf\":{\"@id\":\"https:\\\/\\\/transitionstories.be\\\/fr\\\/#website\"},\"primaryImageOfPage\":{\"@id\":\"https:\\\/\\\/transitionstories.be\\\/fr\\\/turnhout-climatiquement-neutre-climatiquement-robuste\\\/#primaryimage\"},\"image\":{\"@id\":\"https:\\\/\\\/transitionstories.be\\\/fr\\\/turnhout-climatiquement-neutre-climatiquement-robuste\\\/#primaryimage\"},\"thumbnailUrl\":\"https:\\\/\\\/transitionstories.be\\\/wp-content\\\/uploads\\\/2021\\\/02\\\/Fiets_en_wandel_brug_Turnhout_Bels_lijntje_01.jpg\",\"datePublished\":\"2021-02-01T20:09:46+00:00\",\"dateModified\":\"2024-06-17T18:40:38+00:00\",\"author\":{\"@id\":\"https:\\\/\\\/transitionstories.be\\\/fr\\\/#\\\/schema\\\/person\\\/adf1c60baac395d359eb392d25ec3262\"},\"description\":\"D'ici 2050, la ville de Turnhout vise \u00e0 devenir une ville climatiquement neutre. Cependant, l'objectif ultime est encore plus ambitieux : Turnhout doit \u00e9galement devenir une ville r\u00e9siliente face au climat pour faire face aux cons\u00e9quences du changement climatique qui s'av\u00e8rent d\u00e9j\u00e0 irr\u00e9versibles, telles que le stress thermique, la s\u00e9cheresse et le risque d'inondations d\u00fb \u00e0 des pr\u00e9cipitations plus importantes.\",\"breadcrumb\":{\"@id\":\"https:\\\/\\\/transitionstories.be\\\/fr\\\/turnhout-climatiquement-neutre-climatiquement-robuste\\\/#breadcrumb\"},\"inLanguage\":\"fr-FR\",\"potentialAction\":[{\"@type\":\"ReadAction\",\"target\":[\"https:\\\/\\\/transitionstories.be\\\/fr\\\/turnhout-climatiquement-neutre-climatiquement-robuste\\\/\"]}]},{\"@type\":\"ImageObject\",\"inLanguage\":\"fr-FR\",\"@id\":\"https:\\\/\\\/transitionstories.be\\\/fr\\\/turnhout-climatiquement-neutre-climatiquement-robuste\\\/#primaryimage\",\"url\":\"https:\\\/\\\/transitionstories.be\\\/wp-content\\\/uploads\\\/2021\\\/02\\\/Fiets_en_wandel_brug_Turnhout_Bels_lijntje_01.jpg\",\"contentUrl\":\"https:\\\/\\\/transitionstories.be\\\/wp-content\\\/uploads\\\/2021\\\/02\\\/Fiets_en_wandel_brug_Turnhout_Bels_lijntje_01.jpg\",\"width\":1024,\"height\":683},{\"@type\":\"BreadcrumbList\",\"@id\":\"https:\\\/\\\/transitionstories.be\\\/fr\\\/turnhout-climatiquement-neutre-climatiquement-robuste\\\/#breadcrumb\",\"itemListElement\":[{\"@type\":\"ListItem\",\"position\":1,\"name\":\"Home\",\"item\":\"https:\\\/\\\/transitionstories.be\\\/fr\\\/\"},{\"@type\":\"ListItem\",\"position\":2,\"name\":\"Nouvelles\",\"item\":\"https:\\\/\\\/transitionstories.be\\\/fr\\\/category\\\/nouvelles\\\/\"},{\"@type\":\"ListItem\",\"position\":3,\"name\":\"Turnhout franchit une \u00e9tape majeure vers une ville neutre en carbone et r\u00e9siliente face au climat\"}]},{\"@type\":\"WebSite\",\"@id\":\"https:\\\/\\\/transitionstories.be\\\/fr\\\/#website\",\"url\":\"https:\\\/\\\/transitionstories.be\\\/fr\\\/\",\"name\":\"Transition Stories\",\"description\":\"Unboxing Sustainable Solutions\",\"potentialAction\":[{\"@type\":\"SearchAction\",\"target\":{\"@type\":\"EntryPoint\",\"urlTemplate\":\"https:\\\/\\\/transitionstories.be\\\/fr\\\/?s={search_term_string}\"},\"query-input\":{\"@type\":\"PropertyValueSpecification\",\"valueRequired\":true,\"valueName\":\"search_term_string\"}}],\"inLanguage\":\"fr-FR\"},{\"@type\":\"Person\",\"@id\":\"https:\\\/\\\/transitionstories.be\\\/fr\\\/#\\\/schema\\\/person\\\/adf1c60baac395d359eb392d25ec3262\",\"name\":\"Wouter Cyx\",\"image\":{\"@type\":\"ImageObject\",\"inLanguage\":\"fr-FR\",\"@id\":\"https:\\\/\\\/secure.gravatar.com\\\/avatar\\\/b5041805ed30b67c2c42d061bf466b4c0545686be8c1bfb1c637ad79648ada33?s=96&d=mm&r=g\",\"url\":\"https:\\\/\\\/secure.gravatar.com\\\/avatar\\\/b5041805ed30b67c2c42d061bf466b4c0545686be8c1bfb1c637ad79648ada33?s=96&d=mm&r=g\",\"contentUrl\":\"https:\\\/\\\/secure.gravatar.com\\\/avatar\\\/b5041805ed30b67c2c42d061bf466b4c0545686be8c1bfb1c637ad79648ada33?s=96&d=mm&r=g\",\"caption\":\"Wouter Cyx\"},\"sameAs\":[\"http:\\\/\\\/www.transitionstories.be\"]}]}<\/script>\n<!-- \/ Yoast SEO plugin. -->","yoast_head_json":{"title":"Turnhout franchit une \u00e9tape majeure vers une ville neutre en carbone et r\u00e9siliente face au climat - Transition Stories","description":"D'ici 2050, la ville de Turnhout vise \u00e0 devenir une ville climatiquement neutre. Cependant, l'objectif ultime est encore plus ambitieux : Turnhout doit \u00e9galement devenir une ville r\u00e9siliente face au climat pour faire face aux cons\u00e9quences du changement climatique qui s'av\u00e8rent d\u00e9j\u00e0 irr\u00e9versibles, telles que le stress thermique, la s\u00e9cheresse et le risque d'inondations d\u00fb \u00e0 des pr\u00e9cipitations plus importantes.","robots":{"index":"index","follow":"follow","max-snippet":"max-snippet:-1","max-image-preview":"max-image-preview:large","max-video-preview":"max-video-preview:-1"},"canonical":"https:\/\/transitionstories.be\/fr\/turnhout-climatiquement-neutre-climatiquement-robuste\/","og_locale":"fr_FR","og_type":"article","og_title":"Turnhout franchit une \u00e9tape majeure vers une ville neutre en carbone et r\u00e9siliente face au climat - Transition Stories","og_description":"D'ici 2050, la ville de Turnhout vise \u00e0 devenir une ville climatiquement neutre. Cependant, l'objectif ultime est encore plus ambitieux : Turnhout doit \u00e9galement devenir une ville r\u00e9siliente face au climat pour faire face aux cons\u00e9quences du changement climatique qui s'av\u00e8rent d\u00e9j\u00e0 irr\u00e9versibles, telles que le stress thermique, la s\u00e9cheresse et le risque d'inondations d\u00fb \u00e0 des pr\u00e9cipitations plus importantes.","og_url":"https:\/\/transitionstories.be\/fr\/turnhout-climatiquement-neutre-climatiquement-robuste\/","og_site_name":"Transition Stories","article_publisher":"https:\/\/www.facebook.com\/transitionHeroes\/","article_published_time":"2021-02-01T20:09:46+00:00","article_modified_time":"2024-06-17T18:40:38+00:00","og_image":[{"width":1024,"height":683,"url":"https:\/\/transitionstories.be\/wp-content\/uploads\/2021\/02\/Fiets_en_wandel_brug_Turnhout_Bels_lijntje_01.jpg","type":"image\/jpeg"}],"author":"Wouter Cyx","twitter_card":"summary_large_image","twitter_misc":{"\u00c9crit par":"Wouter Cyx","Dur\u00e9e de lecture estim\u00e9e":"5 minutes"},"schema":{"@context":"https:\/\/schema.org","@graph":[{"@type":"Article","@id":"https:\/\/transitionstories.be\/fr\/turnhout-climatiquement-neutre-climatiquement-robuste\/#article","isPartOf":{"@id":"https:\/\/transitionstories.be\/fr\/turnhout-climatiquement-neutre-climatiquement-robuste\/"},"author":{"name":"Wouter Cyx","@id":"https:\/\/transitionstories.be\/fr\/#\/schema\/person\/adf1c60baac395d359eb392d25ec3262"},"headline":"Turnhout franchit une \u00e9tape majeure vers une ville neutre en carbone et r\u00e9siliente face au climat","datePublished":"2021-02-01T20:09:46+00:00","dateModified":"2024-06-17T18:40:38+00:00","mainEntityOfPage":{"@id":"https:\/\/transitionstories.be\/fr\/turnhout-climatiquement-neutre-climatiquement-robuste\/"},"wordCount":1236,"image":{"@id":"https:\/\/transitionstories.be\/fr\/turnhout-climatiquement-neutre-climatiquement-robuste\/#primaryimage"},"thumbnailUrl":"https:\/\/transitionstories.be\/wp-content\/uploads\/2021\/02\/Fiets_en_wandel_brug_Turnhout_Bels_lijntje_01.jpg","keywords":["ville de Turnhout"],"articleSection":["Nouvelles"],"inLanguage":"fr-FR"},{"@type":"WebPage","@id":"https:\/\/transitionstories.be\/fr\/turnhout-climatiquement-neutre-climatiquement-robuste\/","url":"https:\/\/transitionstories.be\/fr\/turnhout-climatiquement-neutre-climatiquement-robuste\/","name":"Turnhout franchit une \u00e9tape majeure vers une ville neutre en carbone et r\u00e9siliente face au climat - Transition Stories","isPartOf":{"@id":"https:\/\/transitionstories.be\/fr\/#website"},"primaryImageOfPage":{"@id":"https:\/\/transitionstories.be\/fr\/turnhout-climatiquement-neutre-climatiquement-robuste\/#primaryimage"},"image":{"@id":"https:\/\/transitionstories.be\/fr\/turnhout-climatiquement-neutre-climatiquement-robuste\/#primaryimage"},"thumbnailUrl":"https:\/\/transitionstories.be\/wp-content\/uploads\/2021\/02\/Fiets_en_wandel_brug_Turnhout_Bels_lijntje_01.jpg","datePublished":"2021-02-01T20:09:46+00:00","dateModified":"2024-06-17T18:40:38+00:00","author":{"@id":"https:\/\/transitionstories.be\/fr\/#\/schema\/person\/adf1c60baac395d359eb392d25ec3262"},"description":"D'ici 2050, la ville de Turnhout vise \u00e0 devenir une ville climatiquement neutre. Cependant, l'objectif ultime est encore plus ambitieux : Turnhout doit \u00e9galement devenir une ville r\u00e9siliente face au climat pour faire face aux cons\u00e9quences du changement climatique qui s'av\u00e8rent d\u00e9j\u00e0 irr\u00e9versibles, telles que le stress thermique, la s\u00e9cheresse et le risque d'inondations d\u00fb \u00e0 des pr\u00e9cipitations plus importantes.","breadcrumb":{"@id":"https:\/\/transitionstories.be\/fr\/turnhout-climatiquement-neutre-climatiquement-robuste\/#breadcrumb"},"inLanguage":"fr-FR","potentialAction":[{"@type":"ReadAction","target":["https:\/\/transitionstories.be\/fr\/turnhout-climatiquement-neutre-climatiquement-robuste\/"]}]},{"@type":"ImageObject","inLanguage":"fr-FR","@id":"https:\/\/transitionstories.be\/fr\/turnhout-climatiquement-neutre-climatiquement-robuste\/#primaryimage","url":"https:\/\/transitionstories.be\/wp-content\/uploads\/2021\/02\/Fiets_en_wandel_brug_Turnhout_Bels_lijntje_01.jpg","contentUrl":"https:\/\/transitionstories.be\/wp-content\/uploads\/2021\/02\/Fiets_en_wandel_brug_Turnhout_Bels_lijntje_01.jpg","width":1024,"height":683},{"@type":"BreadcrumbList","@id":"https:\/\/transitionstories.be\/fr\/turnhout-climatiquement-neutre-climatiquement-robuste\/#breadcrumb","itemListElement":[{"@type":"ListItem","position":1,"name":"Home","item":"https:\/\/transitionstories.be\/fr\/"},{"@type":"ListItem","position":2,"name":"Nouvelles","item":"https:\/\/transitionstories.be\/fr\/category\/nouvelles\/"},{"@type":"ListItem","position":3,"name":"Turnhout franchit une \u00e9tape majeure vers une ville neutre en carbone et r\u00e9siliente face au climat"}]},{"@type":"WebSite","@id":"https:\/\/transitionstories.be\/fr\/#website","url":"https:\/\/transitionstories.be\/fr\/","name":"Transition Stories","description":"Unboxing Sustainable Solutions","potentialAction":[{"@type":"SearchAction","target":{"@type":"EntryPoint","urlTemplate":"https:\/\/transitionstories.be\/fr\/?s={search_term_string}"},"query-input":{"@type":"PropertyValueSpecification","valueRequired":true,"valueName":"search_term_string"}}],"inLanguage":"fr-FR"},{"@type":"Person","@id":"https:\/\/transitionstories.be\/fr\/#\/schema\/person\/adf1c60baac395d359eb392d25ec3262","name":"Wouter Cyx","image":{"@type":"ImageObject","inLanguage":"fr-FR","@id":"https:\/\/secure.gravatar.com\/avatar\/b5041805ed30b67c2c42d061bf466b4c0545686be8c1bfb1c637ad79648ada33?s=96&d=mm&r=g","url":"https:\/\/secure.gravatar.com\/avatar\/b5041805ed30b67c2c42d061bf466b4c0545686be8c1bfb1c637ad79648ada33?s=96&d=mm&r=g","contentUrl":"https:\/\/secure.gravatar.com\/avatar\/b5041805ed30b67c2c42d061bf466b4c0545686be8c1bfb1c637ad79648ada33?s=96&d=mm&r=g","caption":"Wouter Cyx"},"sameAs":["http:\/\/www.transitionstories.be"]}]}},"_links":{"self":[{"href":"https:\/\/transitionstories.be\/fr\/wp-json\/wp\/v2\/posts\/2449","targetHints":{"allow":["GET"]}}],"collection":[{"href":"https:\/\/transitionstories.be\/fr\/wp-json\/wp\/v2\/posts"}],"about":[{"href":"https:\/\/transitionstories.be\/fr\/wp-json\/wp\/v2\/types\/post"}],"author":[{"embeddable":true,"href":"https:\/\/transitionstories.be\/fr\/wp-json\/wp\/v2\/users\/4"}],"replies":[{"embeddable":true,"href":"https:\/\/transitionstories.be\/fr\/wp-json\/wp\/v2\/comments?post=2449"}],"version-history":[{"count":4,"href":"https:\/\/transitionstories.be\/fr\/wp-json\/wp\/v2\/posts\/2449\/revisions"}],"predecessor-version":[{"id":3602,"href":"https:\/\/transitionstories.be\/fr\/wp-json\/wp\/v2\/posts\/2449\/revisions\/3602"}],"wp:featuredmedia":[{"embeddable":true,"href":"https:\/\/transitionstories.be\/fr\/wp-json\/wp\/v2\/media\/2450"}],"wp:attachment":[{"href":"https:\/\/transitionstories.be\/fr\/wp-json\/wp\/v2\/media?parent=2449"}],"wp:term":[{"taxonomy":"category","embeddable":true,"href":"https:\/\/transitionstories.be\/fr\/wp-json\/wp\/v2\/categories?post=2449"},{"taxonomy":"post_tag","embeddable":true,"href":"https:\/\/transitionstories.be\/fr\/wp-json\/wp\/v2\/tags?post=2449"}],"curies":[{"name":"wp","href":"https:\/\/api.w.org\/{rel}","templated":true}]}}