{"id":2402,"date":"2022-05-06T10:56:05","date_gmt":"2022-05-06T08:56:05","guid":{"rendered":"https:\/\/transitionstories.be\/nieuwsupdate-transition-stories-helpt-vlaanderen-in-te-zetten-op-energetische-woningrenovatie-via-one-stop-shop-2\/"},"modified":"2024-06-17T21:30:13","modified_gmt":"2024-06-17T19:30:13","slug":"limportance-de-la-gestion-de-la-qualite-pour-la-politique-climatique","status":"publish","type":"post","link":"https:\/\/transitionstories.be\/fr\/limportance-de-la-gestion-de-la-qualite-pour-la-politique-climatique\/","title":{"rendered":"L&rsquo;importance de la gestion de la qualit\u00e9 pour la politique climatique"},"content":{"rendered":"[vc_row type=\u00a0\u00bbin_container\u00a0\u00bb full_screen_row_position=\u00a0\u00bbmiddle\u00a0\u00bb column_margin=\u00a0\u00bbdefault\u00a0\u00bb column_direction=\u00a0\u00bbdefault\u00a0\u00bb column_direction_tablet=\u00a0\u00bbdefault\u00a0\u00bb column_direction_phone=\u00a0\u00bbdefault\u00a0\u00bb scene_position=\u00a0\u00bbcenter\u00a0\u00bb text_color=\u00a0\u00bbdark\u00a0\u00bb text_align=\u00a0\u00bbleft\u00a0\u00bb row_border_radius=\u00a0\u00bbnone\u00a0\u00bb row_border_radius_applies=\u00a0\u00bbbg\u00a0\u00bb overflow=\u00a0\u00bbvisible\u00a0\u00bb overlay_strength=\u00a0\u00bb0.3&Prime; gradient_direction=\u00a0\u00bbleft_to_right\u00a0\u00bb shape_divider_position=\u00a0\u00bbbottom\u00a0\u00bb bg_image_animation=\u00a0\u00bbnone\u00a0\u00bb][vc_column column_padding=\u00a0\u00bbno-extra-padding\u00a0\u00bb column_padding_tablet=\u00a0\u00bbinherit\u00a0\u00bb column_padding_phone=\u00a0\u00bbinherit\u00a0\u00bb column_padding_position=\u00a0\u00bball\u00a0\u00bb column_element_direction_desktop=\u00a0\u00bbdefault\u00a0\u00bb column_element_spacing=\u00a0\u00bbdefault\u00a0\u00bb desktop_text_alignment=\u00a0\u00bbdefault\u00a0\u00bb tablet_text_alignment=\u00a0\u00bbdefault\u00a0\u00bb phone_text_alignment=\u00a0\u00bbdefault\u00a0\u00bb background_color_opacity=\u00a0\u00bb1&Prime; background_hover_color_opacity=\u00a0\u00bb1&Prime; column_backdrop_filter=\u00a0\u00bbnone\u00a0\u00bb column_shadow=\u00a0\u00bbnone\u00a0\u00bb column_border_radius=\u00a0\u00bbnone\u00a0\u00bb column_link_target=\u00a0\u00bb_self\u00a0\u00bb column_position=\u00a0\u00bbdefault\u00a0\u00bb gradient_direction=\u00a0\u00bbleft_to_right\u00a0\u00bb overlay_strength=\u00a0\u00bb0.3&Prime; width=\u00a0\u00bb1\/1&Prime; tablet_width_inherit=\u00a0\u00bbdefault\u00a0\u00bb animation_type=\u00a0\u00bbdefault\u00a0\u00bb bg_image_animation=\u00a0\u00bbnone\u00a0\u00bb border_type=\u00a0\u00bbsimple\u00a0\u00bb column_border_width=\u00a0\u00bbnone\u00a0\u00bb column_border_style=\u00a0\u00bbsolid\u00a0\u00bb][vc_column_text css=\u00a0\u00bb\u00a0\u00bb text_direction=\u00a0\u00bbdefault\u00a0\u00bb]\n<h5><span style=\"color: #e1251b;\">Dans le cadre du projet &lsquo;IMPLEMENT&rsquo; subventionn\u00e9 par l&rsquo;Union europ\u00e9enne, Bond Beter Leefmilieu a guid\u00e9 six villes et municipalit\u00e9s flamandes au cours des quatre derni\u00e8res ann\u00e9es. Dans ce cadre, Transition Stories a soutenu l&rsquo;\u00e9valuation et l&rsquo;audit de la politique climatique de ces autorit\u00e9s locales afin d&rsquo;obtenir le certificat European Energy Award.\u00a0<\/span><\/h5>\n[\/vc_column_text][\/vc_column][\/vc_row][vc_row type=\u00a0\u00bbin_container\u00a0\u00bb full_screen_row_position=\u00a0\u00bbmiddle\u00a0\u00bb column_margin=\u00a0\u00bbdefault\u00a0\u00bb column_direction=\u00a0\u00bbdefault\u00a0\u00bb column_direction_tablet=\u00a0\u00bbdefault\u00a0\u00bb column_direction_phone=\u00a0\u00bbdefault\u00a0\u00bb scene_position=\u00a0\u00bbcenter\u00a0\u00bb text_color=\u00a0\u00bbdark\u00a0\u00bb text_align=\u00a0\u00bbleft\u00a0\u00bb row_border_radius=\u00a0\u00bbnone\u00a0\u00bb row_border_radius_applies=\u00a0\u00bbbg\u00a0\u00bb overflow=\u00a0\u00bbvisible\u00a0\u00bb overlay_strength=\u00a0\u00bb0.3&Prime; gradient_direction=\u00a0\u00bbleft_to_right\u00a0\u00bb shape_divider_position=\u00a0\u00bbbottom\u00a0\u00bb bg_image_animation=\u00a0\u00bbnone\u00a0\u00bb][vc_column column_padding=\u00a0\u00bbno-extra-padding\u00a0\u00bb column_padding_tablet=\u00a0\u00bbinherit\u00a0\u00bb column_padding_phone=\u00a0\u00bbinherit\u00a0\u00bb column_padding_position=\u00a0\u00bball\u00a0\u00bb column_element_direction_desktop=\u00a0\u00bbdefault\u00a0\u00bb column_element_spacing=\u00a0\u00bbdefault\u00a0\u00bb desktop_text_alignment=\u00a0\u00bbdefault\u00a0\u00bb tablet_text_alignment=\u00a0\u00bbdefault\u00a0\u00bb phone_text_alignment=\u00a0\u00bbdefault\u00a0\u00bb background_color_opacity=\u00a0\u00bb1&Prime; background_hover_color_opacity=\u00a0\u00bb1&Prime; column_backdrop_filter=\u00a0\u00bbnone\u00a0\u00bb column_shadow=\u00a0\u00bbnone\u00a0\u00bb column_border_radius=\u00a0\u00bbnone\u00a0\u00bb column_link_target=\u00a0\u00bb_self\u00a0\u00bb column_position=\u00a0\u00bbdefault\u00a0\u00bb gradient_direction=\u00a0\u00bbleft_to_right\u00a0\u00bb overlay_strength=\u00a0\u00bb0.3&Prime; width=\u00a0\u00bb1\/1&Prime; tablet_width_inherit=\u00a0\u00bbdefault\u00a0\u00bb animation_type=\u00a0\u00bbdefault\u00a0\u00bb bg_image_animation=\u00a0\u00bbnone\u00a0\u00bb border_type=\u00a0\u00bbsimple\u00a0\u00bb column_border_width=\u00a0\u00bbnone\u00a0\u00bb column_border_style=\u00a0\u00bbsolid\u00a0\u00bb][vc_column_text css=\u00a0\u00bb\u00a0\u00bb text_direction=\u00a0\u00bbdefault\u00a0\u00bb]\n<h4>La politique climatique locale en Flandre<\/h4>\n<p>L&rsquo;ambition de la Convention des Maires pour 2020 est d&rsquo;\u00e9conomiser 20 % de CO2 sur la p\u00e9riode 2011-2020. Cependant, l&rsquo;\u00e9volution des plans locaux pour l&rsquo;\u00e9nergie et le climat au cours des dix derni\u00e8res ann\u00e9es est rest\u00e9e limit\u00e9e. Seules 15 des 300 villes et communes flamandes sont sur la bonne voie pour atteindre cet objectif. En effet, 50 villes et communes \u00e9mettent aujourd&rsquo;hui plus qu&rsquo;en 2011. Les autres villes et communes enregistrent une baisse, mais celle-ci n&rsquo;est pas suffisante pour atteindre l&rsquo;objectif de r\u00e9duction de 20 % des \u00e9missions de CO2.<\/p>\n<p>Toutes les collectivit\u00e9s locales r\u00e9alisent des \u00e9conomies dans les domaines des m\u00e9nages et de l&rsquo;\u00e9clairage public. En particulier, les vidanges permettent d&rsquo;\u00e9conomiser jusqu&rsquo;\u00e0 70 %. La part des m\u00e9nages repr\u00e9sente une \u00e9conomie moyenne de 10 %. Ceci est principalement d\u00fb au fait que plusieurs collectivit\u00e9s locales ont connu une forte croissance d\u00e9mographique ces derni\u00e8res ann\u00e9es. En outre, nous commen\u00e7ons \u00e9galement \u00e0 voir les effets positifs des politiques d&rsquo;efficacit\u00e9 \u00e9nerg\u00e9tique et des politiques de primes. Il s&rsquo;agit donc d&rsquo;un bon rapport pour les m\u00e9nages existants et l&rsquo;\u00e9clairage public, mais les choses peuvent et doivent s&rsquo;am\u00e9liorer.<\/p>\n<p>Dans les secteurs agricole et industriel, le tableau est diff\u00e9rent. La moiti\u00e9 des collectivit\u00e9s locales r\u00e9alisent des \u00e9conomies, tandis que l&rsquo;autre moiti\u00e9 enregistre une augmentation. Ces deux extr\u00eames s&rsquo;expliquent par le fait qu&rsquo;au cours des 10 \u00e0 15 derni\u00e8res ann\u00e9es, de nombreuses municipalit\u00e9s ont vu se d\u00e9velopper les parcs d&rsquo;activit\u00e9s et l&rsquo;agriculture. D&rsquo;autre part, l&rsquo;efficacit\u00e9 \u00e9nerg\u00e9tique a \u00e9galement connu un essor important.[\/vc_column_text][vc_row_inner column_margin=\u00a0\u00bbdefault\u00a0\u00bb column_direction=\u00a0\u00bbdefault\u00a0\u00bb column_direction_tablet=\u00a0\u00bbdefault\u00a0\u00bb column_direction_phone=\u00a0\u00bbdefault\u00a0\u00bb text_align=\u00a0\u00bbleft\u00a0\u00bb row_position=\u00a0\u00bbdefault\u00a0\u00bb row_position_tablet=\u00a0\u00bbinherit\u00a0\u00bb row_position_phone=\u00a0\u00bbinherit\u00a0\u00bb overflow=\u00a0\u00bbvisible\u00a0\u00bb pointer_events=\u00a0\u00bball\u00a0\u00bb][vc_column_inner column_padding=\u00a0\u00bbno-extra-padding\u00a0\u00bb column_padding_tablet=\u00a0\u00bbinherit\u00a0\u00bb column_padding_phone=\u00a0\u00bbinherit\u00a0\u00bb column_padding_position=\u00a0\u00bball\u00a0\u00bb column_element_direction_desktop=\u00a0\u00bbdefault\u00a0\u00bb column_element_spacing=\u00a0\u00bbdefault\u00a0\u00bb desktop_text_alignment=\u00a0\u00bbdefault\u00a0\u00bb tablet_text_alignment=\u00a0\u00bbdefault\u00a0\u00bb phone_text_alignment=\u00a0\u00bbdefault\u00a0\u00bb background_color_opacity=\u00a0\u00bb1&Prime; background_hover_color_opacity=\u00a0\u00bb1&Prime; column_backdrop_filter=\u00a0\u00bbnone\u00a0\u00bb column_shadow=\u00a0\u00bbnone\u00a0\u00bb column_border_radius=\u00a0\u00bbnone\u00a0\u00bb column_link_target=\u00a0\u00bb_self\u00a0\u00bb overflow=\u00a0\u00bbvisible\u00a0\u00bb gradient_direction=\u00a0\u00bbleft_to_right\u00a0\u00bb overlay_strength=\u00a0\u00bb0.3&Prime; width=\u00a0\u00bb1\/1&Prime; tablet_width_inherit=\u00a0\u00bbdefault\u00a0\u00bb animation_type=\u00a0\u00bbdefault\u00a0\u00bb bg_image_animation=\u00a0\u00bbnone\u00a0\u00bb border_type=\u00a0\u00bbsimple\u00a0\u00bb column_border_width=\u00a0\u00bbnone\u00a0\u00bb column_border_style=\u00a0\u00bbsolid\u00a0\u00bb][vc_column_text css=\u00a0\u00bb\u00a0\u00bb text_direction=\u00a0\u00bbdefault\u00a0\u00bb]\n<h4>Quelques r\u00e9flexions<\/h4>\n<p>Il est \u00e9galement important de noter certaines mises en garde concernant ces chiffres. Par exemple, un certain nombre de secteurs du SECAP sont extr\u00eamement sensibles aux effets de la croissance au niveau local. Cela va \u00e0 l&rsquo;encontre des chiffres et rend les efforts moins visibles. En outre, pour les administrations locales, l&rsquo;ann\u00e9e 2011 est utilis\u00e9e comme barre de r\u00e9f\u00e9rence, alors que la Flandre et un grand nombre d&rsquo;autres administrations locales en dehors de la Belgique utilisent 2005 ou m\u00eame 2000. Cela signifie qu&rsquo;elles incluent d\u00e9j\u00e0 les \u00e9conomies historiques dans leurs objectifs pour 2020 ou 2030. Il est parfois plus judicieux d&rsquo;examiner l&rsquo;\u00e9volution et les ambitions au niveau r\u00e9gional qu&rsquo;au niveau municipal. Le message, bas\u00e9 sur les chiffres de la derni\u00e8re d\u00e9cennie, est qu&rsquo;il ne sert \u00e0 rien de faire l&rsquo;autruche. Le Pacte du Maire 2030 est \u00e0 nos portes, nous avons huit ans pour inverser radicalement la tendance.[\/vc_column_text][\/vc_column_inner][\/vc_row_inner][vc_column_text][\/vc_column_text][vc_row_inner column_margin=\u00a0\u00bbdefault\u00a0\u00bb column_direction=\u00a0\u00bbdefault\u00a0\u00bb column_direction_tablet=\u00a0\u00bbdefault\u00a0\u00bb column_direction_phone=\u00a0\u00bbdefault\u00a0\u00bb text_align=\u00a0\u00bbleft\u00a0\u00bb row_position=\u00a0\u00bbdefault\u00a0\u00bb row_position_tablet=\u00a0\u00bbinherit\u00a0\u00bb row_position_phone=\u00a0\u00bbinherit\u00a0\u00bb overflow=\u00a0\u00bbvisible\u00a0\u00bb pointer_events=\u00a0\u00bball\u00a0\u00bb][vc_column_inner column_padding=\u00a0\u00bbno-extra-padding\u00a0\u00bb column_padding_tablet=\u00a0\u00bbinherit\u00a0\u00bb column_padding_phone=\u00a0\u00bbinherit\u00a0\u00bb column_padding_position=\u00a0\u00bball\u00a0\u00bb column_element_direction_desktop=\u00a0\u00bbdefault\u00a0\u00bb column_element_spacing=\u00a0\u00bbdefault\u00a0\u00bb desktop_text_alignment=\u00a0\u00bbdefault\u00a0\u00bb tablet_text_alignment=\u00a0\u00bbdefault\u00a0\u00bb phone_text_alignment=\u00a0\u00bbdefault\u00a0\u00bb background_color_opacity=\u00a0\u00bb1&Prime; background_hover_color_opacity=\u00a0\u00bb1&Prime; column_backdrop_filter=\u00a0\u00bbnone\u00a0\u00bb column_shadow=\u00a0\u00bbnone\u00a0\u00bb column_border_radius=\u00a0\u00bbnone\u00a0\u00bb column_link_target=\u00a0\u00bb_self\u00a0\u00bb overflow=\u00a0\u00bbvisible\u00a0\u00bb gradient_direction=\u00a0\u00bbleft_to_right\u00a0\u00bb overlay_strength=\u00a0\u00bb0.3&Prime; width=\u00a0\u00bb1\/1&Prime; tablet_width_inherit=\u00a0\u00bbdefault\u00a0\u00bb animation_type=\u00a0\u00bbdefault\u00a0\u00bb bg_image_animation=\u00a0\u00bbnone\u00a0\u00bb border_type=\u00a0\u00bbsimple\u00a0\u00bb column_border_width=\u00a0\u00bbnone\u00a0\u00bb column_border_style=\u00a0\u00bbsolid\u00a0\u00bb][vc_column_text css=\u00a0\u00bb\u00a0\u00bb text_direction=\u00a0\u00bbdefault\u00a0\u00bb]\n<h4>Une politique locale saine en mati\u00e8re de climat&#8230; bien plus que de l&rsquo;argent<\/h4>\n[\/vc_column_text][\/vc_column_inner][\/vc_row_inner][vc_row_inner column_margin=\u00a0\u00bbdefault\u00a0\u00bb column_direction=\u00a0\u00bbdefault\u00a0\u00bb column_direction_tablet=\u00a0\u00bbdefault\u00a0\u00bb column_direction_phone=\u00a0\u00bbdefault\u00a0\u00bb text_align=\u00a0\u00bbleft\u00a0\u00bb row_position=\u00a0\u00bbdefault\u00a0\u00bb row_position_tablet=\u00a0\u00bbinherit\u00a0\u00bb row_position_phone=\u00a0\u00bbinherit\u00a0\u00bb overflow=\u00a0\u00bbvisible\u00a0\u00bb pointer_events=\u00a0\u00bball\u00a0\u00bb][vc_column_inner column_padding=\u00a0\u00bbno-extra-padding\u00a0\u00bb column_padding_tablet=\u00a0\u00bbinherit\u00a0\u00bb column_padding_phone=\u00a0\u00bbinherit\u00a0\u00bb column_padding_position=\u00a0\u00bball\u00a0\u00bb column_element_direction_desktop=\u00a0\u00bbdefault\u00a0\u00bb column_element_spacing=\u00a0\u00bbdefault\u00a0\u00bb desktop_text_alignment=\u00a0\u00bbdefault\u00a0\u00bb tablet_text_alignment=\u00a0\u00bbdefault\u00a0\u00bb phone_text_alignment=\u00a0\u00bbdefault\u00a0\u00bb background_color_opacity=\u00a0\u00bb1&Prime; background_hover_color_opacity=\u00a0\u00bb1&Prime; column_backdrop_filter=\u00a0\u00bbnone\u00a0\u00bb column_shadow=\u00a0\u00bbnone\u00a0\u00bb column_border_radius=\u00a0\u00bbnone\u00a0\u00bb column_link_target=\u00a0\u00bb_self\u00a0\u00bb overflow=\u00a0\u00bbvisible\u00a0\u00bb gradient_direction=\u00a0\u00bbleft_to_right\u00a0\u00bb overlay_strength=\u00a0\u00bb0.3&Prime; width=\u00a0\u00bb1\/2&Prime; tablet_width_inherit=\u00a0\u00bbdefault\u00a0\u00bb animation_type=\u00a0\u00bbdefault\u00a0\u00bb bg_image_animation=\u00a0\u00bbnone\u00a0\u00bb border_type=\u00a0\u00bbsimple\u00a0\u00bb column_border_width=\u00a0\u00bbnone\u00a0\u00bb column_border_style=\u00a0\u00bbsolid\u00a0\u00bb][vc_column_text][\/vc_column_text][image_with_animation image_url=\u00a0\u00bb166&Prime; image_size=\u00a0\u00bblarge\u00a0\u00bb animation_type=\u00a0\u00bbentrance\u00a0\u00bb animation=\u00a0\u00bbFade In\u00a0\u00bb animation_easing=\u00a0\u00bbdefault\u00a0\u00bb animation_movement_type=\u00a0\u00bbtransform_y\u00a0\u00bb hover_animation=\u00a0\u00bbnone\u00a0\u00bb alignment=\u00a0\u00bb\u00a0\u00bb border_radius=\u00a0\u00bbnone\u00a0\u00bb box_shadow=\u00a0\u00bbnone\u00a0\u00bb image_loading=\u00a0\u00bbdefault\u00a0\u00bb max_width=\u00a0\u00bb100%\u00a0\u00bb max_width_mobile=\u00a0\u00bbdefault\u00a0\u00bb][\/vc_column_inner][vc_column_inner column_padding=\u00a0\u00bbno-extra-padding\u00a0\u00bb column_padding_tablet=\u00a0\u00bbinherit\u00a0\u00bb column_padding_phone=\u00a0\u00bbinherit\u00a0\u00bb column_padding_position=\u00a0\u00bball\u00a0\u00bb column_element_direction_desktop=\u00a0\u00bbdefault\u00a0\u00bb column_element_spacing=\u00a0\u00bbdefault\u00a0\u00bb desktop_text_alignment=\u00a0\u00bbdefault\u00a0\u00bb tablet_text_alignment=\u00a0\u00bbdefault\u00a0\u00bb phone_text_alignment=\u00a0\u00bbdefault\u00a0\u00bb background_color_opacity=\u00a0\u00bb1&Prime; background_hover_color_opacity=\u00a0\u00bb1&Prime; column_backdrop_filter=\u00a0\u00bbnone\u00a0\u00bb column_shadow=\u00a0\u00bbnone\u00a0\u00bb column_border_radius=\u00a0\u00bbnone\u00a0\u00bb column_link_target=\u00a0\u00bb_self\u00a0\u00bb overflow=\u00a0\u00bbvisible\u00a0\u00bb gradient_direction=\u00a0\u00bbleft_to_right\u00a0\u00bb overlay_strength=\u00a0\u00bb0.3&Prime; width=\u00a0\u00bb1\/2&Prime; tablet_width_inherit=\u00a0\u00bbdefault\u00a0\u00bb animation_type=\u00a0\u00bbdefault\u00a0\u00bb bg_image_animation=\u00a0\u00bbnone\u00a0\u00bb border_type=\u00a0\u00bbsimple\u00a0\u00bb column_border_width=\u00a0\u00bbnone\u00a0\u00bb column_border_style=\u00a0\u00bbsolid\u00a0\u00bb][vc_column_text css=\u00a0\u00bb\u00a0\u00bb text_direction=\u00a0\u00bbdefault\u00a0\u00bb]\n<div class=\"flex-shrink-0 flex flex-col relative items-end\">\n<div>\n<div class=\"pt-0.5 juice:pt-0\">\n<div class=\"gizmo-bot-avatar flex h-6 w-6 items-center justify-center overflow-hidden rounded-full juice:h-8 juice:w-8\"><\/div>\n<\/div>\n<\/div>\n<\/div>\n<div class=\"group\/conversation-turn relative flex w-full min-w-0 flex-col agent-turn\">\n<div class=\"flex-col gap-1 md:gap-3\">\n<div class=\"flex flex-grow flex-col max-w-full\">\n<div class=\"min-h-[20px] text-message flex flex-col items-start whitespace-pre-wrap break-words [.text-message+&amp;]:mt-5 juice:w-full juice:items-end overflow-x-auto gap-2\" dir=\"auto\" data-message-author-role=\"assistant\" data-message-id=\"68a5b2af-04f6-40b2-bbab-74c6dac0e506\">\n<div class=\"flex w-full flex-col gap-1 juice:empty:hidden juice:first:pt-[3px]\">\n<div class=\"markdown prose w-full break-words dark:prose-invert light\">\n<p>Il existe plusieurs probl\u00e8mes qui n\u00e9cessitent un d\u00e9bat approfondi pour trouver des solutions. Lorsque nous interrogeons les autorit\u00e9s locales en Flandre sur les d\u00e9fis auxquels elles sont confront\u00e9es, nous constatons souvent un manque de budget d&rsquo;investissement, de capacit\u00e9 et de personnel. De plus, un manque de connaissances, de savoir-faire et d&rsquo;expertise est fr\u00e9quent. Dans les ann\u00e9es \u00e0 venir, il est ind\u00e9niable que davantage de ressources seront allou\u00e9es aux autorit\u00e9s locales, tant au niveau europ\u00e9en que r\u00e9gional et f\u00e9d\u00e9ral. Cependant, ouvrir simplement les vannes financi\u00e8res ne r\u00e9soudra pas le probl\u00e8me. Une bonne politique climatique locale ne se r\u00e9sume pas \u00e0 l&rsquo;argent. Il y a beaucoup d&rsquo;autres aspects \u00e0 prendre en compte, tels que :<\/p>\n<ul>\n<li>L&rsquo;int\u00e9gration dans l&rsquo;organisation<\/li>\n<li>L&rsquo;\u00e9tablissement de partenariats<\/li>\n<li>Jouer le r\u00f4le de gestionnaire<\/li>\n<li>Mesurer, contr\u00f4ler et suivre<\/li>\n<li>Participation et communication int\u00e9grales<\/li>\n<li>Pleine utilisation des pouvoirs<\/li>\n<li>Mise en \u0153uvre efficace des projets<\/li>\n<\/ul>\n<\/div>\n<\/div>\n<\/div>\n<\/div>\n<\/div>\n<\/div>\n[\/vc_column_text][\/vc_column_inner][\/vc_row_inner][vc_column_text css=\u00a0\u00bb\u00a0\u00bb text_direction=\u00a0\u00bbdefault\u00a0\u00bb]\n<h4>Ne serait-il pas utile qu&rsquo;un cadre de qualit\u00e9 et d&rsquo;\u00e9talonnage permette aux collectivit\u00e9s locales de se d\u00e9velopper davantage ?<\/h4>\n<p>Ne serait-il pas pratique que les autorit\u00e9s locales puissent progresser davantage gr\u00e2ce \u00e0 un cadre de qualit\u00e9 et de benchmarking ?<\/p>\n<p>Nous planifions quelque chose, nous le faisons, nous v\u00e9rifions si cela a fonctionn\u00e9 et nous ajustons en cons\u00e9quence. Cela fait en partie partie int\u00e9grante du cycle de gestion et de politique qui constituent \u00e9galement la base de la r\u00e9flexion sur la qualit\u00e9. Avec le projet IMPLEMENT, Bond Beter Leefmilieu a acquis de l&rsquo;exp\u00e9rience en Flandre et a d\u00e9velopp\u00e9 un cadre de qualit\u00e9 et de benchmarking autour de la politique \u00e9nerg\u00e9tique et climatique. Et qu&rsquo;apprenons-nous de cela ? De nombreuses autorit\u00e9s locales ont besoin d&rsquo;un coach, quelqu&rsquo;un d&rsquo;ext\u00e9rieur \u00e0 l&rsquo;organisation, qui peut \u00eatre un compagnon de route dans la planification, le soutien et la mise en \u0153uvre de ces actions. Mais aussi quelqu&rsquo;un qui peut parfois servir de caisse de r\u00e9sonance et poser des questions critiques. Ce r\u00f4le de coaching est extr\u00eamement important car l&rsquo;agent en charge de l&rsquo;\u00e9nergie, de la durabilit\u00e9 ou du climat se retrouve souvent seul dans l&rsquo;organisation. De plus, il y a un grand manque de connaissances et les connaissances existantes sont souvent \u00e0 peine ou pas du tout partag\u00e9es. Un coach travaillant avec diff\u00e9rentes autorit\u00e9s locales peut ainsi transmettre savoir, savoir-faire et force mentale \u00e0 l&rsquo;agent.<\/p>\n<p>Nous devons rechercher une relation claire et un conflit constructif entre les autorit\u00e9s locales qui sont coach\u00e9es et soutenues par une personne ind\u00e9pendante et, d&rsquo;autre part, un auditeur qui peut \u00e9galement constater les progr\u00e8s \u00e0 intervalles appropri\u00e9s. Et ainsi donner cet \u00e9lan final pour passer \u00e0 l&rsquo;\u00e9tape suivante dans le cycle. La r\u00e9flexion en termes de gestion de la qualit\u00e9 et de benchmarking n&rsquo;est pas aussi r\u00e9pandue chez les gouvernements, alors que cela n&rsquo;est en r\u00e9alit\u00e9 pas diff\u00e9rent de ce que nous voyons dans l&rsquo;industrie, par exemple. Avec de nombreux cadres de qualit\u00e9 ISO, d\u00e9clarations EPP, certificats \u00e9nerg\u00e9tiques, etc., ce secteur est \u00e9galement soumis \u00e0 un contr\u00f4le, un coaching, une audit et une \u00e9valuation des cadres de qualit\u00e9 par le gouvernement. Il est tout \u00e0 fait logique que nous appliquions cette m\u00eame norme aux autorit\u00e9s locales.[\/vc_column_text][vc_row_inner column_margin=\u00a0\u00bbdefault\u00a0\u00bb column_direction=\u00a0\u00bbdefault\u00a0\u00bb column_direction_tablet=\u00a0\u00bbdefault\u00a0\u00bb column_direction_phone=\u00a0\u00bbdefault\u00a0\u00bb text_align=\u00a0\u00bbleft\u00a0\u00bb row_position=\u00a0\u00bbdefault\u00a0\u00bb row_position_tablet=\u00a0\u00bbinherit\u00a0\u00bb row_position_phone=\u00a0\u00bbinherit\u00a0\u00bb overflow=\u00a0\u00bbvisible\u00a0\u00bb pointer_events=\u00a0\u00bball\u00a0\u00bb][vc_column_inner column_padding=\u00a0\u00bbno-extra-padding\u00a0\u00bb column_padding_tablet=\u00a0\u00bbinherit\u00a0\u00bb column_padding_phone=\u00a0\u00bbinherit\u00a0\u00bb column_padding_position=\u00a0\u00bball\u00a0\u00bb column_element_direction_desktop=\u00a0\u00bbdefault\u00a0\u00bb column_element_spacing=\u00a0\u00bbdefault\u00a0\u00bb desktop_text_alignment=\u00a0\u00bbdefault\u00a0\u00bb tablet_text_alignment=\u00a0\u00bbdefault\u00a0\u00bb phone_text_alignment=\u00a0\u00bbdefault\u00a0\u00bb background_color_opacity=\u00a0\u00bb1&Prime; background_hover_color_opacity=\u00a0\u00bb1&Prime; column_backdrop_filter=\u00a0\u00bbnone\u00a0\u00bb column_shadow=\u00a0\u00bbnone\u00a0\u00bb column_border_radius=\u00a0\u00bbnone\u00a0\u00bb column_link_target=\u00a0\u00bb_self\u00a0\u00bb overflow=\u00a0\u00bbvisible\u00a0\u00bb gradient_direction=\u00a0\u00bbleft_to_right\u00a0\u00bb overlay_strength=\u00a0\u00bb0.3&Prime; width=\u00a0\u00bb1\/2&Prime; tablet_width_inherit=\u00a0\u00bbdefault\u00a0\u00bb animation_type=\u00a0\u00bbdefault\u00a0\u00bb bg_image_animation=\u00a0\u00bbnone\u00a0\u00bb border_type=\u00a0\u00bbsimple\u00a0\u00bb column_border_width=\u00a0\u00bbnone\u00a0\u00bb column_border_style=\u00a0\u00bbsolid\u00a0\u00bb][vc_column_text css=\u00a0\u00bb\u00a0\u00bb text_direction=\u00a0\u00bbdefault\u00a0\u00bb]\n<h4>3 raisons pour lesquelles un cadre de qualit\u00e9 et de r\u00e9f\u00e9rence peut aider la Flandre \u00e0 aller de l&rsquo;avant<\/h4>\n<ol>\n<li>L&rsquo;\u00e9volution du CO2 ne dit pas tout sur les efforts d&rsquo;une collectivit\u00e9 locale<\/li>\n<li>La comparaison et la pression des pairs tirent le groupe vers le haut.<\/li>\n<li>Acc\u00e9l\u00e9rer la courbe d&rsquo;apprentissage au sein de l&rsquo;organisation en comprenant comment les choses peuvent \u00eatre faites diff\u00e9remment et mieux.<\/li>\n<\/ol>\n[\/vc_column_text][\/vc_column_inner][vc_column_inner column_padding=\u00a0\u00bbno-extra-padding\u00a0\u00bb column_padding_tablet=\u00a0\u00bbinherit\u00a0\u00bb column_padding_phone=\u00a0\u00bbinherit\u00a0\u00bb column_padding_position=\u00a0\u00bball\u00a0\u00bb column_element_direction_desktop=\u00a0\u00bbdefault\u00a0\u00bb column_element_spacing=\u00a0\u00bbdefault\u00a0\u00bb desktop_text_alignment=\u00a0\u00bbdefault\u00a0\u00bb tablet_text_alignment=\u00a0\u00bbdefault\u00a0\u00bb phone_text_alignment=\u00a0\u00bbdefault\u00a0\u00bb background_color_opacity=\u00a0\u00bb1&Prime; background_hover_color_opacity=\u00a0\u00bb1&Prime; column_backdrop_filter=\u00a0\u00bbnone\u00a0\u00bb column_shadow=\u00a0\u00bbnone\u00a0\u00bb column_border_radius=\u00a0\u00bbnone\u00a0\u00bb column_link_target=\u00a0\u00bb_self\u00a0\u00bb overflow=\u00a0\u00bbvisible\u00a0\u00bb gradient_direction=\u00a0\u00bbleft_to_right\u00a0\u00bb overlay_strength=\u00a0\u00bb0.3&Prime; width=\u00a0\u00bb1\/2&Prime; tablet_width_inherit=\u00a0\u00bbdefault\u00a0\u00bb animation_type=\u00a0\u00bbdefault\u00a0\u00bb bg_image_animation=\u00a0\u00bbnone\u00a0\u00bb border_type=\u00a0\u00bbsimple\u00a0\u00bb column_border_width=\u00a0\u00bbnone\u00a0\u00bb column_border_style=\u00a0\u00bbsolid\u00a0\u00bb][image_with_animation image_url=\u00a0\u00bb984&Prime; image_size=\u00a0\u00bblarge\u00a0\u00bb animation_type=\u00a0\u00bbentrance\u00a0\u00bb animation=\u00a0\u00bbFade In\u00a0\u00bb animation_easing=\u00a0\u00bbdefault\u00a0\u00bb animation_movement_type=\u00a0\u00bbtransform_y\u00a0\u00bb hover_animation=\u00a0\u00bbnone\u00a0\u00bb alignment=\u00a0\u00bb\u00a0\u00bb border_radius=\u00a0\u00bbnone\u00a0\u00bb box_shadow=\u00a0\u00bbnone\u00a0\u00bb image_loading=\u00a0\u00bbdefault\u00a0\u00bb max_width=\u00a0\u00bb100%\u00a0\u00bb max_width_mobile=\u00a0\u00bbdefault\u00a0\u00bb][\/vc_column_inner][\/vc_row_inner][vc_row_inner column_margin=\u00a0\u00bbdefault\u00a0\u00bb column_direction=\u00a0\u00bbdefault\u00a0\u00bb column_direction_tablet=\u00a0\u00bbdefault\u00a0\u00bb column_direction_phone=\u00a0\u00bbdefault\u00a0\u00bb text_align=\u00a0\u00bbleft\u00a0\u00bb row_position=\u00a0\u00bbdefault\u00a0\u00bb row_position_tablet=\u00a0\u00bbinherit\u00a0\u00bb row_position_phone=\u00a0\u00bbinherit\u00a0\u00bb overflow=\u00a0\u00bbvisible\u00a0\u00bb pointer_events=\u00a0\u00bball\u00a0\u00bb][vc_column_inner column_padding=\u00a0\u00bbno-extra-padding\u00a0\u00bb column_padding_tablet=\u00a0\u00bbinherit\u00a0\u00bb column_padding_phone=\u00a0\u00bbinherit\u00a0\u00bb column_padding_position=\u00a0\u00bball\u00a0\u00bb column_element_direction_desktop=\u00a0\u00bbdefault\u00a0\u00bb column_element_spacing=\u00a0\u00bbdefault\u00a0\u00bb desktop_text_alignment=\u00a0\u00bbdefault\u00a0\u00bb tablet_text_alignment=\u00a0\u00bbdefault\u00a0\u00bb phone_text_alignment=\u00a0\u00bbdefault\u00a0\u00bb background_color_opacity=\u00a0\u00bb1&Prime; background_hover_color_opacity=\u00a0\u00bb1&Prime; column_backdrop_filter=\u00a0\u00bbnone\u00a0\u00bb column_shadow=\u00a0\u00bbnone\u00a0\u00bb column_border_radius=\u00a0\u00bbnone\u00a0\u00bb column_link_target=\u00a0\u00bb_self\u00a0\u00bb overflow=\u00a0\u00bbvisible\u00a0\u00bb gradient_direction=\u00a0\u00bbleft_to_right\u00a0\u00bb overlay_strength=\u00a0\u00bb0.3&Prime; width=\u00a0\u00bb1\/1&Prime; tablet_width_inherit=\u00a0\u00bbdefault\u00a0\u00bb animation_type=\u00a0\u00bbdefault\u00a0\u00bb bg_image_animation=\u00a0\u00bbnone\u00a0\u00bb border_type=\u00a0\u00bbsimple\u00a0\u00bb column_border_width=\u00a0\u00bbnone\u00a0\u00bb column_border_style=\u00a0\u00bbsolid\u00a0\u00bb][vc_column_text css=\u00a0\u00bb\u00a0\u00bb text_direction=\u00a0\u00bbdefault\u00a0\u00bb]\n<h4>Qu&rsquo;est-ce qu&rsquo;il faut pour que cela fonctionne en Flandre?<\/h4>\n<p>La combinaison d&rsquo;entra\u00eenement, de coaching et d&rsquo;audit doit \u00eatre maintenue. Nous ne croyons pas en un syst\u00e8me dans lequel un auditeur se rendrait sur place une fois tous les quatre ans et laisserait les conseils locaux se d\u00e9brouiller seuls. Nous devons nous d\u00e9barrasser d&rsquo;autant de lest administratif que possible. Aujourd&rsquo;hui, les conseils locaux se noient d\u00e9j\u00e0 dans la collecte d&rsquo;informations et de documents. Nous avons besoin d&rsquo;un syst\u00e8me d&rsquo;audit qui leur \u00e9pargne autant que possible les t\u00e2ches administratives suppl\u00e9mentaires. Cela est parfois in\u00e9vitable, mais nous devons oser porter un regard critique sur la question. Nous avons besoin de crit\u00e8res et de r\u00e9f\u00e9rences transparents. Si nous voulons que l&rsquo;\u00e9talonnage fonctionne, nous devons oser \u00eatre aussi transparents que possible sur les points sur lesquels vous \u00eates \u00e9valu\u00e9s en tant qu&rsquo;administration locale. En partie, nous devons \u00e9galement rendre visibles les r\u00e9sultats obtenus par d&rsquo;autres collectivit\u00e9s locales de la m\u00eame cat\u00e9gorie. Cela les motive et les incite \u00e0 s&rsquo;efforcer d&rsquo;atteindre les m\u00eames performances. Nous devrions \u00e9galement lier cela autant que possible au cadre de vie des autorit\u00e9s locales et, ce faisant, r\u00e9fl\u00e9chir \u00e0 un syst\u00e8me d&rsquo;audit 2.0 qui corresponde \u00e0 la planification pluriannuelle et aux outils existants. Il est essentiel de rendre visible la performance des autres. C&rsquo;est un outil en or pour motiver l&rsquo;administration et les politiciens et montrer que les choses peuvent \u00eatre faites diff\u00e9remment.[\/vc_column_text][\/vc_column_inner][\/vc_row_inner][\/vc_column][\/vc_row][vc_row type=\u00a0\u00bbin_container\u00a0\u00bb full_screen_row_position=\u00a0\u00bbmiddle\u00a0\u00bb column_margin=\u00a0\u00bbdefault\u00a0\u00bb column_direction=\u00a0\u00bbdefault\u00a0\u00bb column_direction_tablet=\u00a0\u00bbdefault\u00a0\u00bb column_direction_phone=\u00a0\u00bbdefault\u00a0\u00bb scene_position=\u00a0\u00bbcenter\u00a0\u00bb text_color=\u00a0\u00bbdark\u00a0\u00bb text_align=\u00a0\u00bbleft\u00a0\u00bb row_border_radius=\u00a0\u00bbnone\u00a0\u00bb row_border_radius_applies=\u00a0\u00bbbg\u00a0\u00bb overflow=\u00a0\u00bbvisible\u00a0\u00bb overlay_strength=\u00a0\u00bb0.3&Prime; gradient_direction=\u00a0\u00bbleft_to_right\u00a0\u00bb shape_divider_position=\u00a0\u00bbbottom\u00a0\u00bb bg_image_animation=\u00a0\u00bbnone\u00a0\u00bb][vc_column column_padding=\u00a0\u00bbno-extra-padding\u00a0\u00bb column_padding_tablet=\u00a0\u00bbinherit\u00a0\u00bb column_padding_phone=\u00a0\u00bbinherit\u00a0\u00bb column_padding_position=\u00a0\u00bball\u00a0\u00bb column_element_direction_desktop=\u00a0\u00bbdefault\u00a0\u00bb column_element_spacing=\u00a0\u00bbdefault\u00a0\u00bb desktop_text_alignment=\u00a0\u00bbdefault\u00a0\u00bb tablet_text_alignment=\u00a0\u00bbdefault\u00a0\u00bb phone_text_alignment=\u00a0\u00bbdefault\u00a0\u00bb background_color_opacity=\u00a0\u00bb1&Prime; background_hover_color_opacity=\u00a0\u00bb1&Prime; column_backdrop_filter=\u00a0\u00bbnone\u00a0\u00bb column_shadow=\u00a0\u00bbnone\u00a0\u00bb column_border_radius=\u00a0\u00bbnone\u00a0\u00bb column_link_target=\u00a0\u00bb_self\u00a0\u00bb column_position=\u00a0\u00bbdefault\u00a0\u00bb gradient_direction=\u00a0\u00bbleft_to_right\u00a0\u00bb overlay_strength=\u00a0\u00bb0.3&Prime; width=\u00a0\u00bb1\/1&Prime; tablet_width_inherit=\u00a0\u00bbdefault\u00a0\u00bb animation_type=\u00a0\u00bbdefault\u00a0\u00bb bg_image_animation=\u00a0\u00bbnone\u00a0\u00bb border_type=\u00a0\u00bbsimple\u00a0\u00bb column_border_width=\u00a0\u00bbnone\u00a0\u00bb column_border_style=\u00a0\u00bbsolid\u00a0\u00bb][vc_column_text][\/vc_column_text][vc_column_text css=\u00a0\u00bb\u00a0\u00bb text_direction=\u00a0\u00bbdefault\u00a0\u00bb]\n<h3 style=\"text-align: center;\">Voulez-vous en savoir plus sur ce projet ?<\/h3>\n[\/vc_column_text][\/vc_column][\/vc_row][vc_row type=\u00a0\u00bbin_container\u00a0\u00bb full_screen_row_position=\u00a0\u00bbmiddle\u00a0\u00bb column_margin=\u00a0\u00bbdefault\u00a0\u00bb column_direction=\u00a0\u00bbdefault\u00a0\u00bb column_direction_tablet=\u00a0\u00bbdefault\u00a0\u00bb column_direction_phone=\u00a0\u00bbdefault\u00a0\u00bb scene_position=\u00a0\u00bbcenter\u00a0\u00bb text_color=\u00a0\u00bbdark\u00a0\u00bb text_align=\u00a0\u00bbleft\u00a0\u00bb row_border_radius=\u00a0\u00bbnone\u00a0\u00bb row_border_radius_applies=\u00a0\u00bbbg\u00a0\u00bb overflow=\u00a0\u00bbvisible\u00a0\u00bb overlay_strength=\u00a0\u00bb0.3&Prime; gradient_direction=\u00a0\u00bbleft_to_right\u00a0\u00bb shape_divider_position=\u00a0\u00bbbottom\u00a0\u00bb bg_image_animation=\u00a0\u00bbnone\u00a0\u00bb][vc_column column_padding=\u00a0\u00bbno-extra-padding\u00a0\u00bb column_padding_tablet=\u00a0\u00bbinherit\u00a0\u00bb column_padding_phone=\u00a0\u00bbinherit\u00a0\u00bb column_padding_position=\u00a0\u00bball\u00a0\u00bb column_element_direction_desktop=\u00a0\u00bbdefault\u00a0\u00bb column_element_spacing=\u00a0\u00bbdefault\u00a0\u00bb desktop_text_alignment=\u00a0\u00bbdefault\u00a0\u00bb tablet_text_alignment=\u00a0\u00bbdefault\u00a0\u00bb phone_text_alignment=\u00a0\u00bbdefault\u00a0\u00bb background_color_opacity=\u00a0\u00bb1&Prime; background_hover_color_opacity=\u00a0\u00bb1&Prime; column_backdrop_filter=\u00a0\u00bbnone\u00a0\u00bb column_shadow=\u00a0\u00bbnone\u00a0\u00bb column_border_radius=\u00a0\u00bbnone\u00a0\u00bb column_link_target=\u00a0\u00bb_self\u00a0\u00bb column_position=\u00a0\u00bbdefault\u00a0\u00bb gradient_direction=\u00a0\u00bbleft_to_right\u00a0\u00bb overlay_strength=\u00a0\u00bb0.3&Prime; width=\u00a0\u00bb1\/3&Prime; tablet_width_inherit=\u00a0\u00bbdefault\u00a0\u00bb animation_type=\u00a0\u00bbdefault\u00a0\u00bb bg_image_animation=\u00a0\u00bbnone\u00a0\u00bb border_type=\u00a0\u00bbsimple\u00a0\u00bb column_border_width=\u00a0\u00bbnone\u00a0\u00bb column_border_style=\u00a0\u00bbsolid\u00a0\u00bb][\/vc_column][vc_column column_padding=\u00a0\u00bbno-extra-padding\u00a0\u00bb column_padding_tablet=\u00a0\u00bbinherit\u00a0\u00bb column_padding_phone=\u00a0\u00bbinherit\u00a0\u00bb column_padding_position=\u00a0\u00bball\u00a0\u00bb column_element_direction_desktop=\u00a0\u00bbdefault\u00a0\u00bb column_element_spacing=\u00a0\u00bbdefault\u00a0\u00bb desktop_text_alignment=\u00a0\u00bbdefault\u00a0\u00bb tablet_text_alignment=\u00a0\u00bbdefault\u00a0\u00bb phone_text_alignment=\u00a0\u00bbdefault\u00a0\u00bb background_color_opacity=\u00a0\u00bb1&Prime; background_hover_color_opacity=\u00a0\u00bb1&Prime; column_backdrop_filter=\u00a0\u00bbnone\u00a0\u00bb column_shadow=\u00a0\u00bbnone\u00a0\u00bb column_border_radius=\u00a0\u00bbnone\u00a0\u00bb column_link_target=\u00a0\u00bb_self\u00a0\u00bb column_position=\u00a0\u00bbdefault\u00a0\u00bb gradient_direction=\u00a0\u00bbleft_to_right\u00a0\u00bb overlay_strength=\u00a0\u00bb0.3&Prime; width=\u00a0\u00bb1\/3&Prime; tablet_width_inherit=\u00a0\u00bbdefault\u00a0\u00bb animation_type=\u00a0\u00bbdefault\u00a0\u00bb bg_image_animation=\u00a0\u00bbnone\u00a0\u00bb border_type=\u00a0\u00bbsimple\u00a0\u00bb column_border_width=\u00a0\u00bbnone\u00a0\u00bb column_border_style=\u00a0\u00bbsolid\u00a0\u00bb][nectar_btn size=\u00a0\u00bblarge\u00a0\u00bb button_style=\u00a0\u00bbregular\u00a0\u00bb button_color_2=\u00a0\u00bbextra-color-gradient-1&Prime; icon_family=\u00a0\u00bbnone\u00a0\u00bb text=\u00a0\u00bbConsulter le s\u00e9minaire ici\u00a0\u00bb url=\u00a0\u00bbhttps:\/\/www.bondbeterleefmilieu.be\/projecten\/european-energy-award?bulk_email_rid=480&amp;bpmtrackid=1&amp;bpmreplica=0&amp;contactId=43d34d5c-7666-4963-84d9-faba0cb15126&amp;bulkEmailRecipientId=61d45aa2-0a2f-4a18-b192-e66fea2e7d1a\u00a0\u00bb][\/vc_column][vc_column column_padding=\u00a0\u00bbno-extra-padding\u00a0\u00bb column_padding_tablet=\u00a0\u00bbinherit\u00a0\u00bb column_padding_phone=\u00a0\u00bbinherit\u00a0\u00bb column_padding_position=\u00a0\u00bball\u00a0\u00bb column_element_direction_desktop=\u00a0\u00bbdefault\u00a0\u00bb column_element_spacing=\u00a0\u00bbdefault\u00a0\u00bb desktop_text_alignment=\u00a0\u00bbdefault\u00a0\u00bb tablet_text_alignment=\u00a0\u00bbdefault\u00a0\u00bb phone_text_alignment=\u00a0\u00bbdefault\u00a0\u00bb background_color_opacity=\u00a0\u00bb1&Prime; background_hover_color_opacity=\u00a0\u00bb1&Prime; column_backdrop_filter=\u00a0\u00bbnone\u00a0\u00bb column_shadow=\u00a0\u00bbnone\u00a0\u00bb column_border_radius=\u00a0\u00bbnone\u00a0\u00bb column_link_target=\u00a0\u00bb_self\u00a0\u00bb column_position=\u00a0\u00bbdefault\u00a0\u00bb gradient_direction=\u00a0\u00bbleft_to_right\u00a0\u00bb overlay_strength=\u00a0\u00bb0.3&Prime; width=\u00a0\u00bb1\/3&Prime; tablet_width_inherit=\u00a0\u00bbdefault\u00a0\u00bb animation_type=\u00a0\u00bbdefault\u00a0\u00bb bg_image_animation=\u00a0\u00bbnone\u00a0\u00bb border_type=\u00a0\u00bbsimple\u00a0\u00bb column_border_width=\u00a0\u00bbnone\u00a0\u00bb column_border_style=\u00a0\u00bbsolid\u00a0\u00bb][\/vc_column][\/vc_row]\n","protected":false},"excerpt":{"rendered":"<p>[vc_row type=\u00a0\u00bbin_container\u00a0\u00bb full_screen_row_position=\u00a0\u00bbmiddle\u00a0\u00bb column_margin=\u00a0\u00bbdefault\u00a0\u00bb column_direction=\u00a0\u00bbdefault\u00a0\u00bb column_direction_tablet=\u00a0\u00bbdefault\u00a0\u00bb column_direction_phone=\u00a0\u00bbdefault\u00a0\u00bb scene_position=\u00a0\u00bbcenter\u00a0\u00bb text_color=\u00a0\u00bbdark\u00a0\u00bb text_align=\u00a0\u00bbleft\u00a0\u00bb row_border_radius=\u00a0\u00bbnone\u00a0\u00bb row_border_radius_applies=\u00a0\u00bbbg\u00a0\u00bb overflow=\u00a0\u00bbvisible\u00a0\u00bb overlay_strength=\u00a0\u00bb0.3&Prime; gradient_direction=\u00a0\u00bbleft_to_right\u00a0\u00bb shape_divider_position=\u00a0\u00bbbottom\u00a0\u00bb bg_image_animation=\u00a0\u00bbnone\u00a0\u00bb][vc_column column_padding=\u00a0\u00bbno-extra-padding\u00a0\u00bb column_padding_tablet=\u00a0\u00bbinherit\u00a0\u00bb column_padding_phone=\u00a0\u00bbinherit\u00a0\u00bb column_padding_position=\u00a0\u00bball\u00a0\u00bb column_element_direction_desktop=\u00a0\u00bbdefault\u00a0\u00bb column_element_spacing=\u00a0\u00bbdefault\u00a0\u00bb desktop_text_alignment=\u00a0\u00bbdefault\u00a0\u00bb tablet_text_alignment=\u00a0\u00bbdefault\u00a0\u00bb phone_text_alignment=\u00a0\u00bbdefault\u00a0\u00bb background_color_opacity=\u00a0\u00bb1&Prime; background_hover_color_opacity=\u00a0\u00bb1&Prime; column_backdrop_filter=\u00a0\u00bbnone\u00a0\u00bb column_shadow=\u00a0\u00bbnone\u00a0\u00bb&#8230;<\/p>\n","protected":false},"author":5,"featured_media":0,"comment_status":"closed","ping_status":"closed","sticky":false,"template":"","format":"standard","meta":{"footnotes":""},"categories":[438],"tags":[669,653],"class_list":{"0":"post-2402","1":"post","2":"type-post","3":"status-publish","4":"format-standard","6":"category-longreads-fr","7":"tag-implement-fr","8":"tag-ue"},"yoast_head":"<!-- This site is optimized with the Yoast SEO plugin v27.4 - https:\/\/yoast.com\/product\/yoast-seo-wordpress\/ -->\n<title>L&#039;importance de la gestion de la qualit\u00e9 pour la politique climatique - Transition Stories<\/title>\n<meta name=\"description\" content=\"Dans le cadre du projet &#039;IMPLEMENT&#039; subventionn\u00e9 par l&#039;Union europ\u00e9enne, Bond Beter Leefmilieu a guid\u00e9 six villes et municipalit\u00e9s flamandes au cours des quatre derni\u00e8res ann\u00e9es. Dans ce cadre, Transition Stories a soutenu l&#039;\u00e9valuation et l&#039;audit de la politique climatique de ces autorit\u00e9s locales afin d&#039;obtenir le certificat European Energy Award.\" \/>\n<meta name=\"robots\" content=\"index, follow, max-snippet:-1, max-image-preview:large, max-video-preview:-1\" \/>\n<link rel=\"canonical\" href=\"https:\/\/transitionstories.be\/fr\/limportance-de-la-gestion-de-la-qualite-pour-la-politique-climatique\/\" \/>\n<meta property=\"og:locale\" content=\"fr_FR\" \/>\n<meta property=\"og:type\" content=\"article\" \/>\n<meta property=\"og:title\" content=\"L&#039;importance de la gestion de la qualit\u00e9 pour la politique climatique - Transition Stories\" \/>\n<meta property=\"og:description\" content=\"Dans le cadre du projet &#039;IMPLEMENT&#039; subventionn\u00e9 par l&#039;Union europ\u00e9enne, Bond Beter Leefmilieu a guid\u00e9 six villes et municipalit\u00e9s flamandes au cours des quatre derni\u00e8res ann\u00e9es. Dans ce cadre, Transition Stories a soutenu l&#039;\u00e9valuation et l&#039;audit de la politique climatique de ces autorit\u00e9s locales afin d&#039;obtenir le certificat European Energy Award.\" \/>\n<meta property=\"og:url\" content=\"https:\/\/transitionstories.be\/fr\/limportance-de-la-gestion-de-la-qualite-pour-la-politique-climatique\/\" \/>\n<meta property=\"og:site_name\" content=\"Transition Stories\" \/>\n<meta property=\"article:publisher\" content=\"https:\/\/www.facebook.com\/transitionHeroes\/\" \/>\n<meta property=\"article:published_time\" content=\"2022-05-06T08:56:05+00:00\" \/>\n<meta property=\"article:modified_time\" content=\"2024-06-17T19:30:13+00:00\" \/>\n<meta name=\"author\" content=\"Emma Adriaensen\" \/>\n<meta name=\"twitter:card\" content=\"summary_large_image\" \/>\n<meta name=\"twitter:label1\" content=\"\u00c9crit par\" \/>\n\t<meta name=\"twitter:data1\" content=\"Emma Adriaensen\" \/>\n\t<meta name=\"twitter:label2\" content=\"Dur\u00e9e de lecture estim\u00e9e\" \/>\n\t<meta name=\"twitter:data2\" content=\"9 minutes\" \/>\n<script type=\"application\/ld+json\" class=\"yoast-schema-graph\">{\"@context\":\"https:\\\/\\\/schema.org\",\"@graph\":[{\"@type\":\"Article\",\"@id\":\"https:\\\/\\\/transitionstories.be\\\/fr\\\/limportance-de-la-gestion-de-la-qualite-pour-la-politique-climatique\\\/#article\",\"isPartOf\":{\"@id\":\"https:\\\/\\\/transitionstories.be\\\/fr\\\/limportance-de-la-gestion-de-la-qualite-pour-la-politique-climatique\\\/\"},\"author\":{\"name\":\"Emma Adriaensen\",\"@id\":\"https:\\\/\\\/transitionstories.be\\\/fr\\\/#\\\/schema\\\/person\\\/1718db068a30e21cdc3cb1aa2827bcb2\"},\"headline\":\"L&rsquo;importance de la gestion de la qualit\u00e9 pour la politique climatique\",\"datePublished\":\"2022-05-06T08:56:05+00:00\",\"dateModified\":\"2024-06-17T19:30:13+00:00\",\"mainEntityOfPage\":{\"@id\":\"https:\\\/\\\/transitionstories.be\\\/fr\\\/limportance-de-la-gestion-de-la-qualite-pour-la-politique-climatique\\\/\"},\"wordCount\":3383,\"keywords\":[\"IMPLEMENT\",\"UE\"],\"articleSection\":[\"Longreads\"],\"inLanguage\":\"fr-FR\"},{\"@type\":\"WebPage\",\"@id\":\"https:\\\/\\\/transitionstories.be\\\/fr\\\/limportance-de-la-gestion-de-la-qualite-pour-la-politique-climatique\\\/\",\"url\":\"https:\\\/\\\/transitionstories.be\\\/fr\\\/limportance-de-la-gestion-de-la-qualite-pour-la-politique-climatique\\\/\",\"name\":\"L'importance de la gestion de la qualit\u00e9 pour la politique climatique - Transition Stories\",\"isPartOf\":{\"@id\":\"https:\\\/\\\/transitionstories.be\\\/fr\\\/#website\"},\"datePublished\":\"2022-05-06T08:56:05+00:00\",\"dateModified\":\"2024-06-17T19:30:13+00:00\",\"author\":{\"@id\":\"https:\\\/\\\/transitionstories.be\\\/fr\\\/#\\\/schema\\\/person\\\/1718db068a30e21cdc3cb1aa2827bcb2\"},\"description\":\"Dans le cadre du projet 'IMPLEMENT' subventionn\u00e9 par l'Union europ\u00e9enne, Bond Beter Leefmilieu a guid\u00e9 six villes et municipalit\u00e9s flamandes au cours des quatre derni\u00e8res ann\u00e9es. Dans ce cadre, Transition Stories a soutenu l'\u00e9valuation et l'audit de la politique climatique de ces autorit\u00e9s locales afin d'obtenir le certificat European Energy Award.\",\"breadcrumb\":{\"@id\":\"https:\\\/\\\/transitionstories.be\\\/fr\\\/limportance-de-la-gestion-de-la-qualite-pour-la-politique-climatique\\\/#breadcrumb\"},\"inLanguage\":\"fr-FR\",\"potentialAction\":[{\"@type\":\"ReadAction\",\"target\":[\"https:\\\/\\\/transitionstories.be\\\/fr\\\/limportance-de-la-gestion-de-la-qualite-pour-la-politique-climatique\\\/\"]}]},{\"@type\":\"BreadcrumbList\",\"@id\":\"https:\\\/\\\/transitionstories.be\\\/fr\\\/limportance-de-la-gestion-de-la-qualite-pour-la-politique-climatique\\\/#breadcrumb\",\"itemListElement\":[{\"@type\":\"ListItem\",\"position\":1,\"name\":\"Home\",\"item\":\"https:\\\/\\\/transitionstories.be\\\/fr\\\/\"},{\"@type\":\"ListItem\",\"position\":2,\"name\":\"Nouvelles\",\"item\":\"https:\\\/\\\/transitionstories.be\\\/fr\\\/category\\\/nouvelles\\\/\"},{\"@type\":\"ListItem\",\"position\":3,\"name\":\"Longreads\",\"item\":\"https:\\\/\\\/transitionstories.be\\\/fr\\\/category\\\/nouvelles\\\/longreads-fr\\\/\"},{\"@type\":\"ListItem\",\"position\":4,\"name\":\"L&#8217;importance de la gestion de la qualit\u00e9 pour la politique climatique\"}]},{\"@type\":\"WebSite\",\"@id\":\"https:\\\/\\\/transitionstories.be\\\/fr\\\/#website\",\"url\":\"https:\\\/\\\/transitionstories.be\\\/fr\\\/\",\"name\":\"Transition Stories\",\"description\":\"Unboxing Sustainable Solutions\",\"potentialAction\":[{\"@type\":\"SearchAction\",\"target\":{\"@type\":\"EntryPoint\",\"urlTemplate\":\"https:\\\/\\\/transitionstories.be\\\/fr\\\/?s={search_term_string}\"},\"query-input\":{\"@type\":\"PropertyValueSpecification\",\"valueRequired\":true,\"valueName\":\"search_term_string\"}}],\"inLanguage\":\"fr-FR\"},{\"@type\":\"Person\",\"@id\":\"https:\\\/\\\/transitionstories.be\\\/fr\\\/#\\\/schema\\\/person\\\/1718db068a30e21cdc3cb1aa2827bcb2\",\"name\":\"Emma Adriaensen\",\"image\":{\"@type\":\"ImageObject\",\"inLanguage\":\"fr-FR\",\"@id\":\"https:\\\/\\\/secure.gravatar.com\\\/avatar\\\/bf11d3e0e74a22003cca85281a67764808f1e7d540431e446fd717729989a457?s=96&d=mm&r=g\",\"url\":\"https:\\\/\\\/secure.gravatar.com\\\/avatar\\\/bf11d3e0e74a22003cca85281a67764808f1e7d540431e446fd717729989a457?s=96&d=mm&r=g\",\"contentUrl\":\"https:\\\/\\\/secure.gravatar.com\\\/avatar\\\/bf11d3e0e74a22003cca85281a67764808f1e7d540431e446fd717729989a457?s=96&d=mm&r=g\",\"caption\":\"Emma Adriaensen\"}}]}<\/script>\n<!-- \/ Yoast SEO plugin. -->","yoast_head_json":{"title":"L'importance de la gestion de la qualit\u00e9 pour la politique climatique - Transition Stories","description":"Dans le cadre du projet 'IMPLEMENT' subventionn\u00e9 par l'Union europ\u00e9enne, Bond Beter Leefmilieu a guid\u00e9 six villes et municipalit\u00e9s flamandes au cours des quatre derni\u00e8res ann\u00e9es. Dans ce cadre, Transition Stories a soutenu l'\u00e9valuation et l'audit de la politique climatique de ces autorit\u00e9s locales afin d'obtenir le certificat European Energy Award.","robots":{"index":"index","follow":"follow","max-snippet":"max-snippet:-1","max-image-preview":"max-image-preview:large","max-video-preview":"max-video-preview:-1"},"canonical":"https:\/\/transitionstories.be\/fr\/limportance-de-la-gestion-de-la-qualite-pour-la-politique-climatique\/","og_locale":"fr_FR","og_type":"article","og_title":"L'importance de la gestion de la qualit\u00e9 pour la politique climatique - Transition Stories","og_description":"Dans le cadre du projet 'IMPLEMENT' subventionn\u00e9 par l'Union europ\u00e9enne, Bond Beter Leefmilieu a guid\u00e9 six villes et municipalit\u00e9s flamandes au cours des quatre derni\u00e8res ann\u00e9es. Dans ce cadre, Transition Stories a soutenu l'\u00e9valuation et l'audit de la politique climatique de ces autorit\u00e9s locales afin d'obtenir le certificat European Energy Award.","og_url":"https:\/\/transitionstories.be\/fr\/limportance-de-la-gestion-de-la-qualite-pour-la-politique-climatique\/","og_site_name":"Transition Stories","article_publisher":"https:\/\/www.facebook.com\/transitionHeroes\/","article_published_time":"2022-05-06T08:56:05+00:00","article_modified_time":"2024-06-17T19:30:13+00:00","author":"Emma Adriaensen","twitter_card":"summary_large_image","twitter_misc":{"\u00c9crit par":"Emma Adriaensen","Dur\u00e9e de lecture estim\u00e9e":"9 minutes"},"schema":{"@context":"https:\/\/schema.org","@graph":[{"@type":"Article","@id":"https:\/\/transitionstories.be\/fr\/limportance-de-la-gestion-de-la-qualite-pour-la-politique-climatique\/#article","isPartOf":{"@id":"https:\/\/transitionstories.be\/fr\/limportance-de-la-gestion-de-la-qualite-pour-la-politique-climatique\/"},"author":{"name":"Emma Adriaensen","@id":"https:\/\/transitionstories.be\/fr\/#\/schema\/person\/1718db068a30e21cdc3cb1aa2827bcb2"},"headline":"L&rsquo;importance de la gestion de la qualit\u00e9 pour la politique climatique","datePublished":"2022-05-06T08:56:05+00:00","dateModified":"2024-06-17T19:30:13+00:00","mainEntityOfPage":{"@id":"https:\/\/transitionstories.be\/fr\/limportance-de-la-gestion-de-la-qualite-pour-la-politique-climatique\/"},"wordCount":3383,"keywords":["IMPLEMENT","UE"],"articleSection":["Longreads"],"inLanguage":"fr-FR"},{"@type":"WebPage","@id":"https:\/\/transitionstories.be\/fr\/limportance-de-la-gestion-de-la-qualite-pour-la-politique-climatique\/","url":"https:\/\/transitionstories.be\/fr\/limportance-de-la-gestion-de-la-qualite-pour-la-politique-climatique\/","name":"L'importance de la gestion de la qualit\u00e9 pour la politique climatique - Transition Stories","isPartOf":{"@id":"https:\/\/transitionstories.be\/fr\/#website"},"datePublished":"2022-05-06T08:56:05+00:00","dateModified":"2024-06-17T19:30:13+00:00","author":{"@id":"https:\/\/transitionstories.be\/fr\/#\/schema\/person\/1718db068a30e21cdc3cb1aa2827bcb2"},"description":"Dans le cadre du projet 'IMPLEMENT' subventionn\u00e9 par l'Union europ\u00e9enne, Bond Beter Leefmilieu a guid\u00e9 six villes et municipalit\u00e9s flamandes au cours des quatre derni\u00e8res ann\u00e9es. Dans ce cadre, Transition Stories a soutenu l'\u00e9valuation et l'audit de la politique climatique de ces autorit\u00e9s locales afin d'obtenir le certificat European Energy Award.","breadcrumb":{"@id":"https:\/\/transitionstories.be\/fr\/limportance-de-la-gestion-de-la-qualite-pour-la-politique-climatique\/#breadcrumb"},"inLanguage":"fr-FR","potentialAction":[{"@type":"ReadAction","target":["https:\/\/transitionstories.be\/fr\/limportance-de-la-gestion-de-la-qualite-pour-la-politique-climatique\/"]}]},{"@type":"BreadcrumbList","@id":"https:\/\/transitionstories.be\/fr\/limportance-de-la-gestion-de-la-qualite-pour-la-politique-climatique\/#breadcrumb","itemListElement":[{"@type":"ListItem","position":1,"name":"Home","item":"https:\/\/transitionstories.be\/fr\/"},{"@type":"ListItem","position":2,"name":"Nouvelles","item":"https:\/\/transitionstories.be\/fr\/category\/nouvelles\/"},{"@type":"ListItem","position":3,"name":"Longreads","item":"https:\/\/transitionstories.be\/fr\/category\/nouvelles\/longreads-fr\/"},{"@type":"ListItem","position":4,"name":"L&#8217;importance de la gestion de la qualit\u00e9 pour la politique climatique"}]},{"@type":"WebSite","@id":"https:\/\/transitionstories.be\/fr\/#website","url":"https:\/\/transitionstories.be\/fr\/","name":"Transition Stories","description":"Unboxing Sustainable Solutions","potentialAction":[{"@type":"SearchAction","target":{"@type":"EntryPoint","urlTemplate":"https:\/\/transitionstories.be\/fr\/?s={search_term_string}"},"query-input":{"@type":"PropertyValueSpecification","valueRequired":true,"valueName":"search_term_string"}}],"inLanguage":"fr-FR"},{"@type":"Person","@id":"https:\/\/transitionstories.be\/fr\/#\/schema\/person\/1718db068a30e21cdc3cb1aa2827bcb2","name":"Emma Adriaensen","image":{"@type":"ImageObject","inLanguage":"fr-FR","@id":"https:\/\/secure.gravatar.com\/avatar\/bf11d3e0e74a22003cca85281a67764808f1e7d540431e446fd717729989a457?s=96&d=mm&r=g","url":"https:\/\/secure.gravatar.com\/avatar\/bf11d3e0e74a22003cca85281a67764808f1e7d540431e446fd717729989a457?s=96&d=mm&r=g","contentUrl":"https:\/\/secure.gravatar.com\/avatar\/bf11d3e0e74a22003cca85281a67764808f1e7d540431e446fd717729989a457?s=96&d=mm&r=g","caption":"Emma Adriaensen"}}]}},"_links":{"self":[{"href":"https:\/\/transitionstories.be\/fr\/wp-json\/wp\/v2\/posts\/2402","targetHints":{"allow":["GET"]}}],"collection":[{"href":"https:\/\/transitionstories.be\/fr\/wp-json\/wp\/v2\/posts"}],"about":[{"href":"https:\/\/transitionstories.be\/fr\/wp-json\/wp\/v2\/types\/post"}],"author":[{"embeddable":true,"href":"https:\/\/transitionstories.be\/fr\/wp-json\/wp\/v2\/users\/5"}],"replies":[{"embeddable":true,"href":"https:\/\/transitionstories.be\/fr\/wp-json\/wp\/v2\/comments?post=2402"}],"version-history":[{"count":5,"href":"https:\/\/transitionstories.be\/fr\/wp-json\/wp\/v2\/posts\/2402\/revisions"}],"predecessor-version":[{"id":3113,"href":"https:\/\/transitionstories.be\/fr\/wp-json\/wp\/v2\/posts\/2402\/revisions\/3113"}],"wp:attachment":[{"href":"https:\/\/transitionstories.be\/fr\/wp-json\/wp\/v2\/media?parent=2402"}],"wp:term":[{"taxonomy":"category","embeddable":true,"href":"https:\/\/transitionstories.be\/fr\/wp-json\/wp\/v2\/categories?post=2402"},{"taxonomy":"post_tag","embeddable":true,"href":"https:\/\/transitionstories.be\/fr\/wp-json\/wp\/v2\/tags?post=2402"}],"curies":[{"name":"wp","href":"https:\/\/api.w.org\/{rel}","templated":true}]}}