{"id":2331,"date":"2024-05-07T13:53:22","date_gmt":"2024-05-07T11:53:22","guid":{"rendered":"https:\/\/transitionstories.be\/ondersteuning-budgetinschatting-uitvoering-klimaatplan\/"},"modified":"2024-06-17T19:56:56","modified_gmt":"2024-06-17T17:56:56","slug":"soutien-a-lestimation-budgetaire-du-plan-climat-2030","status":"publish","type":"post","link":"https:\/\/transitionstories.be\/fr\/soutien-a-lestimation-budgetaire-du-plan-climat-2030\/","title":{"rendered":"Soutien \u00e0 l&rsquo;estimation budg\u00e9taire du plan climat 2030"},"content":{"rendered":"[vc_row type=\u00a0\u00bbin_container\u00a0\u00bb full_screen_row_position=\u00a0\u00bbmiddle\u00a0\u00bb column_margin=\u00a0\u00bbdefault\u00a0\u00bb equal_height=\u00a0\u00bbyes\u00a0\u00bb content_placement=\u00a0\u00bbmiddle\u00a0\u00bb column_direction=\u00a0\u00bbdefault\u00a0\u00bb column_direction_tablet=\u00a0\u00bbdefault\u00a0\u00bb column_direction_phone=\u00a0\u00bbdefault\u00a0\u00bb scene_position=\u00a0\u00bbcenter\u00a0\u00bb scale_desktop=\u00a0\u00bb1.01&Prime; text_color=\u00a0\u00bbdark\u00a0\u00bb text_align=\u00a0\u00bbleft\u00a0\u00bb row_border_radius=\u00a0\u00bbnone\u00a0\u00bb row_border_radius_applies=\u00a0\u00bbbg\u00a0\u00bb overflow=\u00a0\u00bbvisible\u00a0\u00bb overlay_strength=\u00a0\u00bb0.3&Prime; gradient_direction=\u00a0\u00bbleft_to_right\u00a0\u00bb shape_divider_position=\u00a0\u00bbbottom\u00a0\u00bb bg_image_animation=\u00a0\u00bbnone\u00a0\u00bb gradient_type=\u00a0\u00bbdefault\u00a0\u00bb shape_type=\u00a0\u00bb\u00a0\u00bb][vc_column column_padding=\u00a0\u00bbno-extra-padding\u00a0\u00bb column_padding_tablet=\u00a0\u00bbinherit\u00a0\u00bb column_padding_phone=\u00a0\u00bbinherit\u00a0\u00bb column_padding_position=\u00a0\u00bball\u00a0\u00bb column_element_direction_desktop=\u00a0\u00bbdefault\u00a0\u00bb column_element_spacing=\u00a0\u00bbdefault\u00a0\u00bb desktop_text_alignment=\u00a0\u00bbdefault\u00a0\u00bb tablet_text_alignment=\u00a0\u00bbdefault\u00a0\u00bb phone_text_alignment=\u00a0\u00bbdefault\u00a0\u00bb background_color_opacity=\u00a0\u00bb1&Prime; background_hover_color_opacity=\u00a0\u00bb1&Prime; column_backdrop_filter=\u00a0\u00bbnone\u00a0\u00bb column_shadow=\u00a0\u00bbnone\u00a0\u00bb column_border_radius=\u00a0\u00bbnone\u00a0\u00bb column_link_target=\u00a0\u00bb_self\u00a0\u00bb column_position=\u00a0\u00bbdefault\u00a0\u00bb gradient_direction=\u00a0\u00bbleft_to_right\u00a0\u00bb overlay_strength=\u00a0\u00bb0.3&Prime; width=\u00a0\u00bb1\/4&Prime; tablet_width_inherit=\u00a0\u00bbdefault\u00a0\u00bb animation_type=\u00a0\u00bbdefault\u00a0\u00bb bg_image_animation=\u00a0\u00bbnone\u00a0\u00bb border_type=\u00a0\u00bbsimple\u00a0\u00bb column_border_width=\u00a0\u00bbnone\u00a0\u00bb column_border_style=\u00a0\u00bbsolid\u00a0\u00bb][\/vc_column][vc_column column_padding=\u00a0\u00bbno-extra-padding\u00a0\u00bb column_padding_tablet=\u00a0\u00bbinherit\u00a0\u00bb column_padding_phone=\u00a0\u00bbinherit\u00a0\u00bb column_padding_position=\u00a0\u00bball\u00a0\u00bb column_element_direction_desktop=\u00a0\u00bbdefault\u00a0\u00bb column_element_spacing=\u00a0\u00bbdefault\u00a0\u00bb desktop_text_alignment=\u00a0\u00bbdefault\u00a0\u00bb tablet_text_alignment=\u00a0\u00bbdefault\u00a0\u00bb phone_text_alignment=\u00a0\u00bbdefault\u00a0\u00bb background_color_opacity=\u00a0\u00bb1&Prime; background_hover_color_opacity=\u00a0\u00bb1&Prime; column_backdrop_filter=\u00a0\u00bbnone\u00a0\u00bb column_shadow=\u00a0\u00bbnone\u00a0\u00bb column_border_radius=\u00a0\u00bbnone\u00a0\u00bb column_link_target=\u00a0\u00bb_self\u00a0\u00bb column_position=\u00a0\u00bbdefault\u00a0\u00bb gradient_direction=\u00a0\u00bbleft_to_right\u00a0\u00bb overlay_strength=\u00a0\u00bb0.3&Prime; width=\u00a0\u00bb1\/2&Prime; tablet_width_inherit=\u00a0\u00bbdefault\u00a0\u00bb animation_type=\u00a0\u00bbdefault\u00a0\u00bb bg_image_animation=\u00a0\u00bbnone\u00a0\u00bb border_type=\u00a0\u00bbsimple\u00a0\u00bb column_border_width=\u00a0\u00bbnone\u00a0\u00bb column_border_style=\u00a0\u00bbsolid\u00a0\u00bb][vc_column_text css=\u00a0\u00bb\u00a0\u00bb text_direction=\u00a0\u00bbdefault\u00a0\u00bb]<span style=\"color: #ff0000;\">\u00c0 l&rsquo;approche de la fin de la l\u00e9gislature actuelle, la ville de Bruges a adopt\u00e9 un plan climatique (2022). Ce plan climatique, intitul\u00e9 \u00ab Bruges vers demain \u00bb, vise des objectifs ambitieux, notamment la r\u00e9duction de moiti\u00e9 des \u00e9missions locales de CO2 d&rsquo;ici \u00e0 2030 et la r\u00e9alisation d&rsquo;une ville climatiquement neutre, sans \u00e9missions nettes de CO2, d&rsquo;ici \u00e0 2050. Le contenu du plan comprend sept &lsquo;Bruggen naar morgen&rsquo; (ponts vers demain), couvrant diff\u00e9rents aspects de la durabilit\u00e9 et de l&rsquo;action climatique, tels que le chauffage sans \u00e9nergie fossile, les \u00e9nergies renouvelables, la mobilit\u00e9 durable, l&rsquo;\u00e9conomie circulaire, la strat\u00e9gie alimentaire, la r\u00e9silience climatique et la collaboration.<\/span>[\/vc_column_text][vc_column_text css=\u00a0\u00bb\u00a0\u00bb text_direction=\u00a0\u00bbdefault\u00a0\u00bb]En vue de la prochaine l\u00e9gislature, Transition Stories a pr\u00e9par\u00e9 un budget financier qui permettra la mise en \u0153uvre de ce plan climatique ambitieux. Cette pr\u00e9paration officielle est essentielle pour assurer une base solide \u00e0 la prochaine planification financi\u00e8re pluriannuelle de la ville de Bruges. Apr\u00e8s tout, une estimation budg\u00e9taire solide augmente les chances de r\u00e9ussite de la mise en \u0153uvre des objectifs fix\u00e9s. C&rsquo;est pourquoi notre propre mod\u00e8le financier a \u00e9t\u00e9 utilis\u00e9 pour mod\u00e9liser financi\u00e8rement les diff\u00e9rents secteurs du plan climatique de Bruges et obtenir ainsi une image r\u00e9aliste des ressources n\u00e9cessaires \u00e0 sa mise en \u0153uvre.[\/vc_column_text][vc_column_text css=\u00a0\u00bb\u00a0\u00bb text_direction=\u00a0\u00bbdefault\u00a0\u00bb]Cette approche t\u00e9moigne d&rsquo;une exp\u00e9rience en mati\u00e8re de planification et d&rsquo;analyse financi\u00e8res, ainsi que d&rsquo;une compr\u00e9hension de l&rsquo;environnement politique dans lequel ce plan est cr\u00e9\u00e9. En r\u00e9unissant ces aspects, les bases sont jet\u00e9es pour une mise en \u0153uvre efficace &lsquo;de Brugge Naar Morgen&rsquo;, qui contribue \u00e0 un avenir plus durable pour la ville et ses habitants.[\/vc_column_text][\/vc_column][vc_column column_padding=\u00a0\u00bbno-extra-padding\u00a0\u00bb column_padding_tablet=\u00a0\u00bbinherit\u00a0\u00bb column_padding_phone=\u00a0\u00bbinherit\u00a0\u00bb column_padding_position=\u00a0\u00bball\u00a0\u00bb column_element_direction_desktop=\u00a0\u00bbdefault\u00a0\u00bb column_element_spacing=\u00a0\u00bbdefault\u00a0\u00bb desktop_text_alignment=\u00a0\u00bbdefault\u00a0\u00bb tablet_text_alignment=\u00a0\u00bbdefault\u00a0\u00bb phone_text_alignment=\u00a0\u00bbdefault\u00a0\u00bb background_color=\u00a0\u00bb#f2f2f2&Prime; background_color_opacity=\u00a0\u00bb1&Prime; background_hover_color_opacity=\u00a0\u00bb1&Prime; column_backdrop_filter=\u00a0\u00bbnone\u00a0\u00bb column_shadow=\u00a0\u00bbsmall_depth\u00a0\u00bb column_border_radius=\u00a0\u00bb15px\u00a0\u00bb column_link_target=\u00a0\u00bb_self\u00a0\u00bb column_position=\u00a0\u00bbdefault\u00a0\u00bb gradient_direction=\u00a0\u00bbleft_to_right\u00a0\u00bb overlay_strength=\u00a0\u00bb0.3&Prime; width=\u00a0\u00bb1\/4&Prime; tablet_width_inherit=\u00a0\u00bbdefault\u00a0\u00bb animation_type=\u00a0\u00bbdefault\u00a0\u00bb bg_image_animation=\u00a0\u00bbnone\u00a0\u00bb border_type=\u00a0\u00bbsimple\u00a0\u00bb column_border_width=\u00a0\u00bbnone\u00a0\u00bb column_border_style=\u00a0\u00bbsolid\u00a0\u00bb column_padding_type=\u00a0\u00bbdefault\u00a0\u00bb gradient_type=\u00a0\u00bbdefault\u00a0\u00bb][vc_column_text css=\u00a0\u00bb\u00a0\u00bb text_direction=\u00a0\u00bbdefault\u00a0\u00bb]<strong>Client<br \/>\n<\/strong><a href=\"https:\/\/www.brugge.be\/\" target=\"_blank\" rel=\"noopener\">Ville de Bruges<\/a><\/p>\n<p><strong>P\u00e9riode<br \/>\n<\/strong>2023 &#8211; 2024<\/p>\n<p><b>Th\u00e8me de r\u00e9f\u00e9rence<br \/>\n<\/b><a href=\"\/fr\/category\/references-fr\/politique-climatique-locale\/\" target=\"_blank\" rel=\"noopener\">Politique climatique locale<\/a><\/p>\n<p>&nbsp;<\/p>\n<p>&nbsp;<\/p>\n<p>&nbsp;<\/p>\n<p>&nbsp;<\/p>\n<p>&nbsp;<\/p>\n<p>&nbsp;<\/p>\n<p>&nbsp;<\/p>\n<p>&nbsp;<\/p>\n<p>&nbsp;<\/p>\n<p>&nbsp;<\/p>\n<p>&nbsp;<\/p>\n[\/vc_column_text][\/vc_column][\/vc_row][vc_row type=\u00a0\u00bbin_container\u00a0\u00bb full_screen_row_position=\u00a0\u00bbmiddle\u00a0\u00bb column_margin=\u00a0\u00bbdefault\u00a0\u00bb column_direction=\u00a0\u00bbdefault\u00a0\u00bb column_direction_tablet=\u00a0\u00bbdefault\u00a0\u00bb column_direction_phone=\u00a0\u00bbdefault\u00a0\u00bb scene_position=\u00a0\u00bbcenter\u00a0\u00bb text_color=\u00a0\u00bbdark\u00a0\u00bb text_align=\u00a0\u00bbleft\u00a0\u00bb row_border_radius=\u00a0\u00bbnone\u00a0\u00bb row_border_radius_applies=\u00a0\u00bbbg\u00a0\u00bb overflow=\u00a0\u00bbvisible\u00a0\u00bb overlay_strength=\u00a0\u00bb0.3&Prime; gradient_direction=\u00a0\u00bbleft_to_right\u00a0\u00bb shape_divider_position=\u00a0\u00bbbottom\u00a0\u00bb bg_image_animation=\u00a0\u00bbnone\u00a0\u00bb][vc_column column_padding=\u00a0\u00bbno-extra-padding\u00a0\u00bb column_padding_tablet=\u00a0\u00bbinherit\u00a0\u00bb column_padding_phone=\u00a0\u00bbinherit\u00a0\u00bb column_padding_position=\u00a0\u00bball\u00a0\u00bb column_element_direction_desktop=\u00a0\u00bbdefault\u00a0\u00bb column_element_spacing=\u00a0\u00bbdefault\u00a0\u00bb desktop_text_alignment=\u00a0\u00bbdefault\u00a0\u00bb tablet_text_alignment=\u00a0\u00bbdefault\u00a0\u00bb phone_text_alignment=\u00a0\u00bbdefault\u00a0\u00bb background_color_opacity=\u00a0\u00bb1&Prime; background_hover_color_opacity=\u00a0\u00bb1&Prime; column_backdrop_filter=\u00a0\u00bbnone\u00a0\u00bb column_shadow=\u00a0\u00bbnone\u00a0\u00bb column_border_radius=\u00a0\u00bbnone\u00a0\u00bb column_link_target=\u00a0\u00bb_self\u00a0\u00bb column_position=\u00a0\u00bbdefault\u00a0\u00bb gradient_direction=\u00a0\u00bbleft_to_right\u00a0\u00bb overlay_strength=\u00a0\u00bb0.3&Prime; width=\u00a0\u00bb1\/1&Prime; tablet_width_inherit=\u00a0\u00bbdefault\u00a0\u00bb animation_type=\u00a0\u00bbdefault\u00a0\u00bb bg_image_animation=\u00a0\u00bbnone\u00a0\u00bb border_type=\u00a0\u00bbsimple\u00a0\u00bb column_border_width=\u00a0\u00bbnone\u00a0\u00bb column_border_style=\u00a0\u00bbsolid\u00a0\u00bb][vc_column_text][\/vc_column_text][vc_column_text css=\u00a0\u00bb\u00a0\u00bb text_direction=\u00a0\u00bbdefault\u00a0\u00bb]\n<h3 style=\"text-align: center;\">Curieux de savoir ce que Transition Stories peut faire pour votre organisation?<\/h3>\n[\/vc_column_text][\/vc_column][\/vc_row][vc_row type=\u00a0\u00bbin_container\u00a0\u00bb full_screen_row_position=\u00a0\u00bbmiddle\u00a0\u00bb column_margin=\u00a0\u00bbdefault\u00a0\u00bb column_direction=\u00a0\u00bbdefault\u00a0\u00bb column_direction_tablet=\u00a0\u00bbdefault\u00a0\u00bb column_direction_phone=\u00a0\u00bbdefault\u00a0\u00bb scene_position=\u00a0\u00bbcenter\u00a0\u00bb text_color=\u00a0\u00bbdark\u00a0\u00bb text_align=\u00a0\u00bbleft\u00a0\u00bb row_border_radius=\u00a0\u00bbnone\u00a0\u00bb row_border_radius_applies=\u00a0\u00bbbg\u00a0\u00bb overflow=\u00a0\u00bbvisible\u00a0\u00bb overlay_strength=\u00a0\u00bb0.3&Prime; gradient_direction=\u00a0\u00bbleft_to_right\u00a0\u00bb shape_divider_position=\u00a0\u00bbbottom\u00a0\u00bb bg_image_animation=\u00a0\u00bbnone\u00a0\u00bb][vc_column column_padding=\u00a0\u00bbno-extra-padding\u00a0\u00bb column_padding_tablet=\u00a0\u00bbinherit\u00a0\u00bb column_padding_phone=\u00a0\u00bbinherit\u00a0\u00bb column_padding_position=\u00a0\u00bball\u00a0\u00bb column_element_direction_desktop=\u00a0\u00bbdefault\u00a0\u00bb column_element_spacing=\u00a0\u00bbdefault\u00a0\u00bb desktop_text_alignment=\u00a0\u00bbdefault\u00a0\u00bb tablet_text_alignment=\u00a0\u00bbdefault\u00a0\u00bb phone_text_alignment=\u00a0\u00bbdefault\u00a0\u00bb background_color_opacity=\u00a0\u00bb1&Prime; background_hover_color_opacity=\u00a0\u00bb1&Prime; column_backdrop_filter=\u00a0\u00bbnone\u00a0\u00bb column_shadow=\u00a0\u00bbnone\u00a0\u00bb column_border_radius=\u00a0\u00bbnone\u00a0\u00bb column_link_target=\u00a0\u00bb_self\u00a0\u00bb column_position=\u00a0\u00bbdefault\u00a0\u00bb gradient_direction=\u00a0\u00bbleft_to_right\u00a0\u00bb overlay_strength=\u00a0\u00bb0.3&Prime; width=\u00a0\u00bb1\/3&Prime; tablet_width_inherit=\u00a0\u00bbdefault\u00a0\u00bb animation_type=\u00a0\u00bbdefault\u00a0\u00bb bg_image_animation=\u00a0\u00bbnone\u00a0\u00bb border_type=\u00a0\u00bbsimple\u00a0\u00bb column_border_width=\u00a0\u00bbnone\u00a0\u00bb column_border_style=\u00a0\u00bbsolid\u00a0\u00bb][\/vc_column][vc_column column_padding=\u00a0\u00bbno-extra-padding\u00a0\u00bb column_padding_tablet=\u00a0\u00bbinherit\u00a0\u00bb column_padding_phone=\u00a0\u00bbinherit\u00a0\u00bb column_padding_position=\u00a0\u00bball\u00a0\u00bb column_element_direction_desktop=\u00a0\u00bbdefault\u00a0\u00bb column_element_spacing=\u00a0\u00bbdefault\u00a0\u00bb desktop_text_alignment=\u00a0\u00bbdefault\u00a0\u00bb tablet_text_alignment=\u00a0\u00bbdefault\u00a0\u00bb phone_text_alignment=\u00a0\u00bbdefault\u00a0\u00bb background_color_opacity=\u00a0\u00bb1&Prime; background_hover_color_opacity=\u00a0\u00bb1&Prime; column_backdrop_filter=\u00a0\u00bbnone\u00a0\u00bb column_shadow=\u00a0\u00bbnone\u00a0\u00bb column_border_radius=\u00a0\u00bbnone\u00a0\u00bb column_link_target=\u00a0\u00bb_self\u00a0\u00bb column_position=\u00a0\u00bbdefault\u00a0\u00bb gradient_direction=\u00a0\u00bbleft_to_right\u00a0\u00bb overlay_strength=\u00a0\u00bb0.3&Prime; width=\u00a0\u00bb1\/3&Prime; tablet_width_inherit=\u00a0\u00bbdefault\u00a0\u00bb animation_type=\u00a0\u00bbdefault\u00a0\u00bb bg_image_animation=\u00a0\u00bbnone\u00a0\u00bb border_type=\u00a0\u00bbsimple\u00a0\u00bb column_border_width=\u00a0\u00bbnone\u00a0\u00bb column_border_style=\u00a0\u00bbsolid\u00a0\u00bb][nectar_btn size=\u00a0\u00bblarge\u00a0\u00bb button_style=\u00a0\u00bbregular\u00a0\u00bb button_color_2=\u00a0\u00bbextra-color-gradient-1&Prime; icon_family=\u00a0\u00bbnone\u00a0\u00bb text=\u00a0\u00bbContactez-nous!\u00a0\u00bb url=\u00a0\u00bbhttps:\/\/transitionstories.be\/contact\/\u00a0\u00bb][\/vc_column][vc_column column_padding=\u00a0\u00bbno-extra-padding\u00a0\u00bb column_padding_tablet=\u00a0\u00bbinherit\u00a0\u00bb column_padding_phone=\u00a0\u00bbinherit\u00a0\u00bb column_padding_position=\u00a0\u00bball\u00a0\u00bb column_element_direction_desktop=\u00a0\u00bbdefault\u00a0\u00bb column_element_spacing=\u00a0\u00bbdefault\u00a0\u00bb desktop_text_alignment=\u00a0\u00bbdefault\u00a0\u00bb tablet_text_alignment=\u00a0\u00bbdefault\u00a0\u00bb phone_text_alignment=\u00a0\u00bbdefault\u00a0\u00bb background_color_opacity=\u00a0\u00bb1&Prime; background_hover_color_opacity=\u00a0\u00bb1&Prime; column_backdrop_filter=\u00a0\u00bbnone\u00a0\u00bb column_shadow=\u00a0\u00bbnone\u00a0\u00bb column_border_radius=\u00a0\u00bbnone\u00a0\u00bb column_link_target=\u00a0\u00bb_self\u00a0\u00bb column_position=\u00a0\u00bbdefault\u00a0\u00bb gradient_direction=\u00a0\u00bbleft_to_right\u00a0\u00bb overlay_strength=\u00a0\u00bb0.3&Prime; width=\u00a0\u00bb1\/3&Prime; tablet_width_inherit=\u00a0\u00bbdefault\u00a0\u00bb animation_type=\u00a0\u00bbdefault\u00a0\u00bb bg_image_animation=\u00a0\u00bbnone\u00a0\u00bb border_type=\u00a0\u00bbsimple\u00a0\u00bb column_border_width=\u00a0\u00bbnone\u00a0\u00bb column_border_style=\u00a0\u00bbsolid\u00a0\u00bb][\/vc_column][\/vc_row]\n","protected":false},"excerpt":{"rendered":"<p>[vc_row type=\u00a0\u00bbin_container\u00a0\u00bb full_screen_row_position=\u00a0\u00bbmiddle\u00a0\u00bb column_margin=\u00a0\u00bbdefault\u00a0\u00bb equal_height=\u00a0\u00bbyes\u00a0\u00bb content_placement=\u00a0\u00bbmiddle\u00a0\u00bb column_direction=\u00a0\u00bbdefault\u00a0\u00bb column_direction_tablet=\u00a0\u00bbdefault\u00a0\u00bb column_direction_phone=\u00a0\u00bbdefault\u00a0\u00bb scene_position=\u00a0\u00bbcenter\u00a0\u00bb scale_desktop=\u00a0\u00bb1.01&Prime; text_color=\u00a0\u00bbdark\u00a0\u00bb text_align=\u00a0\u00bbleft\u00a0\u00bb row_border_radius=\u00a0\u00bbnone\u00a0\u00bb row_border_radius_applies=\u00a0\u00bbbg\u00a0\u00bb overflow=\u00a0\u00bbvisible\u00a0\u00bb overlay_strength=\u00a0\u00bb0.3&Prime; gradient_direction=\u00a0\u00bbleft_to_right\u00a0\u00bb shape_divider_position=\u00a0\u00bbbottom\u00a0\u00bb bg_image_animation=\u00a0\u00bbnone\u00a0\u00bb gradient_type=\u00a0\u00bbdefault\u00a0\u00bb shape_type=\u00a0\u00bb\u00a0\u00bb][vc_column column_padding=\u00a0\u00bbno-extra-padding\u00a0\u00bb column_padding_tablet=\u00a0\u00bbinherit\u00a0\u00bb column_padding_phone=\u00a0\u00bbinherit\u00a0\u00bb column_padding_position=\u00a0\u00bball\u00a0\u00bb column_element_direction_desktop=\u00a0\u00bbdefault\u00a0\u00bb column_element_spacing=\u00a0\u00bbdefault\u00a0\u00bb desktop_text_alignment=\u00a0\u00bbdefault\u00a0\u00bb tablet_text_alignment=\u00a0\u00bbdefault\u00a0\u00bb&#8230;<\/p>\n","protected":false},"author":5,"featured_media":2332,"comment_status":"closed","ping_status":"closed","sticky":false,"template":"","format":"standard","meta":{"footnotes":""},"categories":[248,497],"tags":[392,254,393,641,640,394,642,639],"class_list":{"0":"post-2331","1":"post","2":"type-post","3":"status-publish","4":"format-standard","5":"has-post-thumbnail","7":"category-politique-climatique-locale","8":"category-references-fr","9":"tag-financieringsstrategie-fr","10":"tag-klimaatplan-fr","11":"tag-meerjarenplanning-fr","12":"tag-plan-climatique","13":"tag-planification-pluriannuelle","14":"tag-stad-brugge-fr","15":"tag-strategie-de-financement","16":"tag-ville-de-bruges"},"yoast_head":"<!-- This site is optimized with the Yoast SEO plugin v27.4 - https:\/\/yoast.com\/product\/yoast-seo-wordpress\/ -->\n<title>Soutien \u00e0 l&#039;estimation budg\u00e9taire du plan climat 2030 - Transition Stories<\/title>\n<meta name=\"description\" content=\"La Ville de Bruges a approuv\u00e9 le plan climatique &quot;Bruges vers Demain&quot;, d\u00e9velopp\u00e9 par Transition Stories. Gr\u00e2ce \u00e0 une analyse et \u00e0 une estimation des co\u00fbts, un tableau r\u00e9aliste des ressources n\u00e9cessaires pour la mise en \u0153uvre du plan a \u00e9t\u00e9 dress\u00e9.\" \/>\n<meta name=\"robots\" content=\"index, follow, max-snippet:-1, max-image-preview:large, max-video-preview:-1\" \/>\n<link rel=\"canonical\" href=\"https:\/\/transitionstories.be\/fr\/soutien-a-lestimation-budgetaire-du-plan-climat-2030\/\" \/>\n<meta property=\"og:locale\" content=\"fr_FR\" \/>\n<meta property=\"og:type\" content=\"article\" \/>\n<meta property=\"og:title\" content=\"Soutien \u00e0 l&#039;estimation budg\u00e9taire du plan climat 2030 - Transition Stories\" \/>\n<meta property=\"og:description\" content=\"La Ville de Bruges a approuv\u00e9 le plan climatique &quot;Bruges vers Demain&quot;, d\u00e9velopp\u00e9 par Transition Stories. Gr\u00e2ce \u00e0 une analyse et \u00e0 une estimation des co\u00fbts, un tableau r\u00e9aliste des ressources n\u00e9cessaires pour la mise en \u0153uvre du plan a \u00e9t\u00e9 dress\u00e9.\" \/>\n<meta property=\"og:url\" content=\"https:\/\/transitionstories.be\/fr\/soutien-a-lestimation-budgetaire-du-plan-climat-2030\/\" \/>\n<meta property=\"og:site_name\" content=\"Transition Stories\" \/>\n<meta property=\"article:publisher\" content=\"https:\/\/www.facebook.com\/transitionHeroes\/\" \/>\n<meta property=\"article:published_time\" content=\"2024-05-07T11:53:22+00:00\" \/>\n<meta property=\"article:modified_time\" content=\"2024-06-17T17:56:56+00:00\" \/>\n<meta property=\"og:image\" content=\"https:\/\/transitionstories.be\/wp-content\/uploads\/2024\/05\/TS23_34_Brugge.png\" \/>\n\t<meta property=\"og:image:width\" content=\"740\" \/>\n\t<meta property=\"og:image:height\" content=\"360\" \/>\n\t<meta property=\"og:image:type\" content=\"image\/png\" \/>\n<meta name=\"author\" content=\"Emma Adriaensen\" \/>\n<meta name=\"twitter:card\" content=\"summary_large_image\" \/>\n<meta name=\"twitter:label1\" content=\"\u00c9crit par\" \/>\n\t<meta name=\"twitter:data1\" content=\"Emma Adriaensen\" \/>\n\t<meta name=\"twitter:label2\" content=\"Dur\u00e9e de lecture estim\u00e9e\" \/>\n\t<meta name=\"twitter:data2\" content=\"3 minutes\" \/>\n<script type=\"application\/ld+json\" class=\"yoast-schema-graph\">{\"@context\":\"https:\\\/\\\/schema.org\",\"@graph\":[{\"@type\":\"Article\",\"@id\":\"https:\\\/\\\/transitionstories.be\\\/fr\\\/soutien-a-lestimation-budgetaire-du-plan-climat-2030\\\/#article\",\"isPartOf\":{\"@id\":\"https:\\\/\\\/transitionstories.be\\\/fr\\\/soutien-a-lestimation-budgetaire-du-plan-climat-2030\\\/\"},\"author\":{\"name\":\"Emma Adriaensen\",\"@id\":\"https:\\\/\\\/transitionstories.be\\\/fr\\\/#\\\/schema\\\/person\\\/1718db068a30e21cdc3cb1aa2827bcb2\"},\"headline\":\"Soutien \u00e0 l&rsquo;estimation budg\u00e9taire du plan climat 2030\",\"datePublished\":\"2024-05-07T11:53:22+00:00\",\"dateModified\":\"2024-06-17T17:56:56+00:00\",\"mainEntityOfPage\":{\"@id\":\"https:\\\/\\\/transitionstories.be\\\/fr\\\/soutien-a-lestimation-budgetaire-du-plan-climat-2030\\\/\"},\"wordCount\":1284,\"image\":{\"@id\":\"https:\\\/\\\/transitionstories.be\\\/fr\\\/soutien-a-lestimation-budgetaire-du-plan-climat-2030\\\/#primaryimage\"},\"thumbnailUrl\":\"https:\\\/\\\/transitionstories.be\\\/wp-content\\\/uploads\\\/2024\\\/05\\\/TS23_34_Brugge.png\",\"keywords\":[\"financieringsstrategie\",\"klimaatplan\",\"meerjarenplanning\",\"plan climatique\",\"planification pluriannuelle\",\"stad Brugge\",\"strat\u00e9gie de financement\",\"ville de Bruges\"],\"articleSection\":[\"Politique climatique locale\",\"R\u00e9f\u00e9rences\"],\"inLanguage\":\"fr-FR\"},{\"@type\":\"WebPage\",\"@id\":\"https:\\\/\\\/transitionstories.be\\\/fr\\\/soutien-a-lestimation-budgetaire-du-plan-climat-2030\\\/\",\"url\":\"https:\\\/\\\/transitionstories.be\\\/fr\\\/soutien-a-lestimation-budgetaire-du-plan-climat-2030\\\/\",\"name\":\"Soutien \u00e0 l'estimation budg\u00e9taire du plan climat 2030 - Transition Stories\",\"isPartOf\":{\"@id\":\"https:\\\/\\\/transitionstories.be\\\/fr\\\/#website\"},\"primaryImageOfPage\":{\"@id\":\"https:\\\/\\\/transitionstories.be\\\/fr\\\/soutien-a-lestimation-budgetaire-du-plan-climat-2030\\\/#primaryimage\"},\"image\":{\"@id\":\"https:\\\/\\\/transitionstories.be\\\/fr\\\/soutien-a-lestimation-budgetaire-du-plan-climat-2030\\\/#primaryimage\"},\"thumbnailUrl\":\"https:\\\/\\\/transitionstories.be\\\/wp-content\\\/uploads\\\/2024\\\/05\\\/TS23_34_Brugge.png\",\"datePublished\":\"2024-05-07T11:53:22+00:00\",\"dateModified\":\"2024-06-17T17:56:56+00:00\",\"author\":{\"@id\":\"https:\\\/\\\/transitionstories.be\\\/fr\\\/#\\\/schema\\\/person\\\/1718db068a30e21cdc3cb1aa2827bcb2\"},\"description\":\"La Ville de Bruges a approuv\u00e9 le plan climatique \\\"Bruges vers Demain\\\", d\u00e9velopp\u00e9 par Transition Stories. Gr\u00e2ce \u00e0 une analyse et \u00e0 une estimation des co\u00fbts, un tableau r\u00e9aliste des ressources n\u00e9cessaires pour la mise en \u0153uvre du plan a \u00e9t\u00e9 dress\u00e9.\",\"breadcrumb\":{\"@id\":\"https:\\\/\\\/transitionstories.be\\\/fr\\\/soutien-a-lestimation-budgetaire-du-plan-climat-2030\\\/#breadcrumb\"},\"inLanguage\":\"fr-FR\",\"potentialAction\":[{\"@type\":\"ReadAction\",\"target\":[\"https:\\\/\\\/transitionstories.be\\\/fr\\\/soutien-a-lestimation-budgetaire-du-plan-climat-2030\\\/\"]}]},{\"@type\":\"ImageObject\",\"inLanguage\":\"fr-FR\",\"@id\":\"https:\\\/\\\/transitionstories.be\\\/fr\\\/soutien-a-lestimation-budgetaire-du-plan-climat-2030\\\/#primaryimage\",\"url\":\"https:\\\/\\\/transitionstories.be\\\/wp-content\\\/uploads\\\/2024\\\/05\\\/TS23_34_Brugge.png\",\"contentUrl\":\"https:\\\/\\\/transitionstories.be\\\/wp-content\\\/uploads\\\/2024\\\/05\\\/TS23_34_Brugge.png\",\"width\":740,\"height\":360},{\"@type\":\"BreadcrumbList\",\"@id\":\"https:\\\/\\\/transitionstories.be\\\/fr\\\/soutien-a-lestimation-budgetaire-du-plan-climat-2030\\\/#breadcrumb\",\"itemListElement\":[{\"@type\":\"ListItem\",\"position\":1,\"name\":\"Home\",\"item\":\"https:\\\/\\\/transitionstories.be\\\/fr\\\/\"},{\"@type\":\"ListItem\",\"position\":2,\"name\":\"R\u00e9f\u00e9rences\",\"item\":\"https:\\\/\\\/transitionstories.be\\\/fr\\\/category\\\/references-fr\\\/\"},{\"@type\":\"ListItem\",\"position\":3,\"name\":\"Politique climatique locale\",\"item\":\"https:\\\/\\\/transitionstories.be\\\/fr\\\/category\\\/references-fr\\\/politique-climatique-locale\\\/\"},{\"@type\":\"ListItem\",\"position\":4,\"name\":\"Soutien \u00e0 l&#8217;estimation budg\u00e9taire du plan climat 2030\"}]},{\"@type\":\"WebSite\",\"@id\":\"https:\\\/\\\/transitionstories.be\\\/fr\\\/#website\",\"url\":\"https:\\\/\\\/transitionstories.be\\\/fr\\\/\",\"name\":\"Transition Stories\",\"description\":\"Unboxing Sustainable Solutions\",\"potentialAction\":[{\"@type\":\"SearchAction\",\"target\":{\"@type\":\"EntryPoint\",\"urlTemplate\":\"https:\\\/\\\/transitionstories.be\\\/fr\\\/?s={search_term_string}\"},\"query-input\":{\"@type\":\"PropertyValueSpecification\",\"valueRequired\":true,\"valueName\":\"search_term_string\"}}],\"inLanguage\":\"fr-FR\"},{\"@type\":\"Person\",\"@id\":\"https:\\\/\\\/transitionstories.be\\\/fr\\\/#\\\/schema\\\/person\\\/1718db068a30e21cdc3cb1aa2827bcb2\",\"name\":\"Emma Adriaensen\",\"image\":{\"@type\":\"ImageObject\",\"inLanguage\":\"fr-FR\",\"@id\":\"https:\\\/\\\/secure.gravatar.com\\\/avatar\\\/bf11d3e0e74a22003cca85281a67764808f1e7d540431e446fd717729989a457?s=96&d=mm&r=g\",\"url\":\"https:\\\/\\\/secure.gravatar.com\\\/avatar\\\/bf11d3e0e74a22003cca85281a67764808f1e7d540431e446fd717729989a457?s=96&d=mm&r=g\",\"contentUrl\":\"https:\\\/\\\/secure.gravatar.com\\\/avatar\\\/bf11d3e0e74a22003cca85281a67764808f1e7d540431e446fd717729989a457?s=96&d=mm&r=g\",\"caption\":\"Emma Adriaensen\"}}]}<\/script>\n<!-- \/ Yoast SEO plugin. -->","yoast_head_json":{"title":"Soutien \u00e0 l'estimation budg\u00e9taire du plan climat 2030 - Transition Stories","description":"La Ville de Bruges a approuv\u00e9 le plan climatique \"Bruges vers Demain\", d\u00e9velopp\u00e9 par Transition Stories. Gr\u00e2ce \u00e0 une analyse et \u00e0 une estimation des co\u00fbts, un tableau r\u00e9aliste des ressources n\u00e9cessaires pour la mise en \u0153uvre du plan a \u00e9t\u00e9 dress\u00e9.","robots":{"index":"index","follow":"follow","max-snippet":"max-snippet:-1","max-image-preview":"max-image-preview:large","max-video-preview":"max-video-preview:-1"},"canonical":"https:\/\/transitionstories.be\/fr\/soutien-a-lestimation-budgetaire-du-plan-climat-2030\/","og_locale":"fr_FR","og_type":"article","og_title":"Soutien \u00e0 l'estimation budg\u00e9taire du plan climat 2030 - Transition Stories","og_description":"La Ville de Bruges a approuv\u00e9 le plan climatique \"Bruges vers Demain\", d\u00e9velopp\u00e9 par Transition Stories. Gr\u00e2ce \u00e0 une analyse et \u00e0 une estimation des co\u00fbts, un tableau r\u00e9aliste des ressources n\u00e9cessaires pour la mise en \u0153uvre du plan a \u00e9t\u00e9 dress\u00e9.","og_url":"https:\/\/transitionstories.be\/fr\/soutien-a-lestimation-budgetaire-du-plan-climat-2030\/","og_site_name":"Transition Stories","article_publisher":"https:\/\/www.facebook.com\/transitionHeroes\/","article_published_time":"2024-05-07T11:53:22+00:00","article_modified_time":"2024-06-17T17:56:56+00:00","og_image":[{"width":740,"height":360,"url":"https:\/\/transitionstories.be\/wp-content\/uploads\/2024\/05\/TS23_34_Brugge.png","type":"image\/png"}],"author":"Emma Adriaensen","twitter_card":"summary_large_image","twitter_misc":{"\u00c9crit par":"Emma Adriaensen","Dur\u00e9e de lecture estim\u00e9e":"3 minutes"},"schema":{"@context":"https:\/\/schema.org","@graph":[{"@type":"Article","@id":"https:\/\/transitionstories.be\/fr\/soutien-a-lestimation-budgetaire-du-plan-climat-2030\/#article","isPartOf":{"@id":"https:\/\/transitionstories.be\/fr\/soutien-a-lestimation-budgetaire-du-plan-climat-2030\/"},"author":{"name":"Emma Adriaensen","@id":"https:\/\/transitionstories.be\/fr\/#\/schema\/person\/1718db068a30e21cdc3cb1aa2827bcb2"},"headline":"Soutien \u00e0 l&rsquo;estimation budg\u00e9taire du plan climat 2030","datePublished":"2024-05-07T11:53:22+00:00","dateModified":"2024-06-17T17:56:56+00:00","mainEntityOfPage":{"@id":"https:\/\/transitionstories.be\/fr\/soutien-a-lestimation-budgetaire-du-plan-climat-2030\/"},"wordCount":1284,"image":{"@id":"https:\/\/transitionstories.be\/fr\/soutien-a-lestimation-budgetaire-du-plan-climat-2030\/#primaryimage"},"thumbnailUrl":"https:\/\/transitionstories.be\/wp-content\/uploads\/2024\/05\/TS23_34_Brugge.png","keywords":["financieringsstrategie","klimaatplan","meerjarenplanning","plan climatique","planification pluriannuelle","stad Brugge","strat\u00e9gie de financement","ville de Bruges"],"articleSection":["Politique climatique locale","R\u00e9f\u00e9rences"],"inLanguage":"fr-FR"},{"@type":"WebPage","@id":"https:\/\/transitionstories.be\/fr\/soutien-a-lestimation-budgetaire-du-plan-climat-2030\/","url":"https:\/\/transitionstories.be\/fr\/soutien-a-lestimation-budgetaire-du-plan-climat-2030\/","name":"Soutien \u00e0 l'estimation budg\u00e9taire du plan climat 2030 - Transition Stories","isPartOf":{"@id":"https:\/\/transitionstories.be\/fr\/#website"},"primaryImageOfPage":{"@id":"https:\/\/transitionstories.be\/fr\/soutien-a-lestimation-budgetaire-du-plan-climat-2030\/#primaryimage"},"image":{"@id":"https:\/\/transitionstories.be\/fr\/soutien-a-lestimation-budgetaire-du-plan-climat-2030\/#primaryimage"},"thumbnailUrl":"https:\/\/transitionstories.be\/wp-content\/uploads\/2024\/05\/TS23_34_Brugge.png","datePublished":"2024-05-07T11:53:22+00:00","dateModified":"2024-06-17T17:56:56+00:00","author":{"@id":"https:\/\/transitionstories.be\/fr\/#\/schema\/person\/1718db068a30e21cdc3cb1aa2827bcb2"},"description":"La Ville de Bruges a approuv\u00e9 le plan climatique \"Bruges vers Demain\", d\u00e9velopp\u00e9 par Transition Stories. Gr\u00e2ce \u00e0 une analyse et \u00e0 une estimation des co\u00fbts, un tableau r\u00e9aliste des ressources n\u00e9cessaires pour la mise en \u0153uvre du plan a \u00e9t\u00e9 dress\u00e9.","breadcrumb":{"@id":"https:\/\/transitionstories.be\/fr\/soutien-a-lestimation-budgetaire-du-plan-climat-2030\/#breadcrumb"},"inLanguage":"fr-FR","potentialAction":[{"@type":"ReadAction","target":["https:\/\/transitionstories.be\/fr\/soutien-a-lestimation-budgetaire-du-plan-climat-2030\/"]}]},{"@type":"ImageObject","inLanguage":"fr-FR","@id":"https:\/\/transitionstories.be\/fr\/soutien-a-lestimation-budgetaire-du-plan-climat-2030\/#primaryimage","url":"https:\/\/transitionstories.be\/wp-content\/uploads\/2024\/05\/TS23_34_Brugge.png","contentUrl":"https:\/\/transitionstories.be\/wp-content\/uploads\/2024\/05\/TS23_34_Brugge.png","width":740,"height":360},{"@type":"BreadcrumbList","@id":"https:\/\/transitionstories.be\/fr\/soutien-a-lestimation-budgetaire-du-plan-climat-2030\/#breadcrumb","itemListElement":[{"@type":"ListItem","position":1,"name":"Home","item":"https:\/\/transitionstories.be\/fr\/"},{"@type":"ListItem","position":2,"name":"R\u00e9f\u00e9rences","item":"https:\/\/transitionstories.be\/fr\/category\/references-fr\/"},{"@type":"ListItem","position":3,"name":"Politique climatique locale","item":"https:\/\/transitionstories.be\/fr\/category\/references-fr\/politique-climatique-locale\/"},{"@type":"ListItem","position":4,"name":"Soutien \u00e0 l&#8217;estimation budg\u00e9taire du plan climat 2030"}]},{"@type":"WebSite","@id":"https:\/\/transitionstories.be\/fr\/#website","url":"https:\/\/transitionstories.be\/fr\/","name":"Transition Stories","description":"Unboxing Sustainable Solutions","potentialAction":[{"@type":"SearchAction","target":{"@type":"EntryPoint","urlTemplate":"https:\/\/transitionstories.be\/fr\/?s={search_term_string}"},"query-input":{"@type":"PropertyValueSpecification","valueRequired":true,"valueName":"search_term_string"}}],"inLanguage":"fr-FR"},{"@type":"Person","@id":"https:\/\/transitionstories.be\/fr\/#\/schema\/person\/1718db068a30e21cdc3cb1aa2827bcb2","name":"Emma Adriaensen","image":{"@type":"ImageObject","inLanguage":"fr-FR","@id":"https:\/\/secure.gravatar.com\/avatar\/bf11d3e0e74a22003cca85281a67764808f1e7d540431e446fd717729989a457?s=96&d=mm&r=g","url":"https:\/\/secure.gravatar.com\/avatar\/bf11d3e0e74a22003cca85281a67764808f1e7d540431e446fd717729989a457?s=96&d=mm&r=g","contentUrl":"https:\/\/secure.gravatar.com\/avatar\/bf11d3e0e74a22003cca85281a67764808f1e7d540431e446fd717729989a457?s=96&d=mm&r=g","caption":"Emma Adriaensen"}}]}},"_links":{"self":[{"href":"https:\/\/transitionstories.be\/fr\/wp-json\/wp\/v2\/posts\/2331","targetHints":{"allow":["GET"]}}],"collection":[{"href":"https:\/\/transitionstories.be\/fr\/wp-json\/wp\/v2\/posts"}],"about":[{"href":"https:\/\/transitionstories.be\/fr\/wp-json\/wp\/v2\/types\/post"}],"author":[{"embeddable":true,"href":"https:\/\/transitionstories.be\/fr\/wp-json\/wp\/v2\/users\/5"}],"replies":[{"embeddable":true,"href":"https:\/\/transitionstories.be\/fr\/wp-json\/wp\/v2\/comments?post=2331"}],"version-history":[{"count":6,"href":"https:\/\/transitionstories.be\/fr\/wp-json\/wp\/v2\/posts\/2331\/revisions"}],"predecessor-version":[{"id":3585,"href":"https:\/\/transitionstories.be\/fr\/wp-json\/wp\/v2\/posts\/2331\/revisions\/3585"}],"wp:featuredmedia":[{"embeddable":true,"href":"https:\/\/transitionstories.be\/fr\/wp-json\/wp\/v2\/media\/2332"}],"wp:attachment":[{"href":"https:\/\/transitionstories.be\/fr\/wp-json\/wp\/v2\/media?parent=2331"}],"wp:term":[{"taxonomy":"category","embeddable":true,"href":"https:\/\/transitionstories.be\/fr\/wp-json\/wp\/v2\/categories?post=2331"},{"taxonomy":"post_tag","embeddable":true,"href":"https:\/\/transitionstories.be\/fr\/wp-json\/wp\/v2\/tags?post=2331"}],"curies":[{"name":"wp","href":"https:\/\/api.w.org\/{rel}","templated":true}]}}