{"id":2293,"date":"2024-05-10T15:27:06","date_gmt":"2024-05-10T13:27:06","guid":{"rendered":"https:\/\/transitionstories.be\/creeren-van-collectieve-verduurzamingskansen-op-gentse-bedrijventerreinen\/"},"modified":"2024-06-17T15:25:48","modified_gmt":"2024-06-17T13:25:48","slug":"creer-des-opportunites-collectives-de-durabilite-dans-les-parcs-dactivites-de-gand","status":"publish","type":"post","link":"https:\/\/transitionstories.be\/fr\/creer-des-opportunites-collectives-de-durabilite-dans-les-parcs-dactivites-de-gand\/","title":{"rendered":"Cr\u00e9er des opportunit\u00e9s collectives de durabilit\u00e9 dans les parcs d&rsquo;activit\u00e9s de Gand"},"content":{"rendered":"[vc_row type=\u00a0\u00bbin_container\u00a0\u00bb full_screen_row_position=\u00a0\u00bbmiddle\u00a0\u00bb column_margin=\u00a0\u00bbdefault\u00a0\u00bb equal_height=\u00a0\u00bbyes\u00a0\u00bb content_placement=\u00a0\u00bbmiddle\u00a0\u00bb column_direction=\u00a0\u00bbdefault\u00a0\u00bb column_direction_tablet=\u00a0\u00bbdefault\u00a0\u00bb column_direction_phone=\u00a0\u00bbdefault\u00a0\u00bb scene_position=\u00a0\u00bbcenter\u00a0\u00bb scale_desktop=\u00a0\u00bb1.01&Prime; text_color=\u00a0\u00bbdark\u00a0\u00bb text_align=\u00a0\u00bbleft\u00a0\u00bb row_border_radius=\u00a0\u00bbnone\u00a0\u00bb row_border_radius_applies=\u00a0\u00bbbg\u00a0\u00bb overflow=\u00a0\u00bbvisible\u00a0\u00bb overlay_strength=\u00a0\u00bb0.3&Prime; gradient_direction=\u00a0\u00bbleft_to_right\u00a0\u00bb shape_divider_position=\u00a0\u00bbbottom\u00a0\u00bb bg_image_animation=\u00a0\u00bbnone\u00a0\u00bb gradient_type=\u00a0\u00bbdefault\u00a0\u00bb shape_type=\u00a0\u00bb\u00a0\u00bb][vc_column column_padding=\u00a0\u00bbno-extra-padding\u00a0\u00bb column_padding_tablet=\u00a0\u00bbinherit\u00a0\u00bb column_padding_phone=\u00a0\u00bbinherit\u00a0\u00bb column_padding_position=\u00a0\u00bball\u00a0\u00bb column_element_direction_desktop=\u00a0\u00bbdefault\u00a0\u00bb column_element_spacing=\u00a0\u00bbdefault\u00a0\u00bb desktop_text_alignment=\u00a0\u00bbdefault\u00a0\u00bb tablet_text_alignment=\u00a0\u00bbdefault\u00a0\u00bb phone_text_alignment=\u00a0\u00bbdefault\u00a0\u00bb background_color_opacity=\u00a0\u00bb1&Prime; background_hover_color_opacity=\u00a0\u00bb1&Prime; column_backdrop_filter=\u00a0\u00bbnone\u00a0\u00bb column_shadow=\u00a0\u00bbnone\u00a0\u00bb column_border_radius=\u00a0\u00bbnone\u00a0\u00bb column_link_target=\u00a0\u00bb_self\u00a0\u00bb column_position=\u00a0\u00bbdefault\u00a0\u00bb gradient_direction=\u00a0\u00bbleft_to_right\u00a0\u00bb overlay_strength=\u00a0\u00bb0.3&Prime; width=\u00a0\u00bb1\/4&Prime; tablet_width_inherit=\u00a0\u00bbdefault\u00a0\u00bb animation_type=\u00a0\u00bbdefault\u00a0\u00bb bg_image_animation=\u00a0\u00bbnone\u00a0\u00bb border_type=\u00a0\u00bbsimple\u00a0\u00bb column_border_width=\u00a0\u00bbnone\u00a0\u00bb column_border_style=\u00a0\u00bbsolid\u00a0\u00bb][\/vc_column][vc_column column_padding=\u00a0\u00bbno-extra-padding\u00a0\u00bb column_padding_tablet=\u00a0\u00bbinherit\u00a0\u00bb column_padding_phone=\u00a0\u00bbinherit\u00a0\u00bb column_padding_position=\u00a0\u00bball\u00a0\u00bb column_element_direction_desktop=\u00a0\u00bbdefault\u00a0\u00bb column_element_spacing=\u00a0\u00bbdefault\u00a0\u00bb desktop_text_alignment=\u00a0\u00bbdefault\u00a0\u00bb tablet_text_alignment=\u00a0\u00bbdefault\u00a0\u00bb phone_text_alignment=\u00a0\u00bbdefault\u00a0\u00bb background_color_opacity=\u00a0\u00bb1&Prime; background_hover_color_opacity=\u00a0\u00bb1&Prime; column_backdrop_filter=\u00a0\u00bbnone\u00a0\u00bb column_shadow=\u00a0\u00bbnone\u00a0\u00bb column_border_radius=\u00a0\u00bbnone\u00a0\u00bb column_link_target=\u00a0\u00bb_self\u00a0\u00bb column_position=\u00a0\u00bbdefault\u00a0\u00bb gradient_direction=\u00a0\u00bbleft_to_right\u00a0\u00bb overlay_strength=\u00a0\u00bb0.3&Prime; width=\u00a0\u00bb1\/2&Prime; tablet_width_inherit=\u00a0\u00bbdefault\u00a0\u00bb animation_type=\u00a0\u00bbdefault\u00a0\u00bb bg_image_animation=\u00a0\u00bbnone\u00a0\u00bb border_type=\u00a0\u00bbsimple\u00a0\u00bb column_border_width=\u00a0\u00bbnone\u00a0\u00bb column_border_style=\u00a0\u00bbsolid\u00a0\u00bb][vc_column_text css=\u00a0\u00bb\u00a0\u00bb text_direction=\u00a0\u00bbdefault\u00a0\u00bb]<span style=\"color: #ff0000;\">Afin d&rsquo;atteindre l&rsquo;objectif de neutralit\u00e9 climatique de la ville, la ville de Gand a d\u00e9cid\u00e9 de revitaliser son approche des parcs d&rsquo;activit\u00e9s. Les exigences accrues en mati\u00e8re d&rsquo;efficacit\u00e9 \u00e9nerg\u00e9tique, les d\u00e9fis g\u00e9opolitiques et les risques climatiques croissants, ainsi que les actions individuelles et les attentes des entreprises en mati\u00e8re d&rsquo;\u00e9nergie renouvelable et de commerce circulaire, sont \u00e0 l&rsquo;origine de cet effort.<\/span>[\/vc_column_text][vc_column_text css=\u00a0\u00bb\u00a0\u00bb text_direction=\u00a0\u00bbdefault\u00a0\u00bb]Le fait de consid\u00e9rer l&rsquo;industrie et les entreprises comme des parties int\u00e9grantes d&rsquo;un \u00e9cosyst\u00e8me g\u00e9ographique a mis en \u00e9vidence le potentiel de durabilit\u00e9 collective des parcs d&rsquo;activit\u00e9s. La ville a recherch\u00e9 des solutions collectives et collaboratives au niveau de ces sites. Il s&rsquo;agissait notamment d&rsquo;\u00e9tablir des contacts sur place, d&rsquo;identifier les d\u00e9fis communs et d&rsquo;explorer des partenariats visant \u00e0 cr\u00e9er des parcs d&rsquo;activit\u00e9s \u00e0 l&rsquo;\u00e9preuve du temps.[\/vc_column_text][vc_column_text css=\u00a0\u00bb\u00a0\u00bb text_direction=\u00a0\u00bbdefault\u00a0\u00bb]Ce projet pilote avait pour objectif d&rsquo;explorer et de mettre en \u0153uvre les avantages d&rsquo;une approche collective \u00e0 travers des dialogues coordonn\u00e9s dans des parcs d&rsquo;activit\u00e9s s\u00e9lectionn\u00e9s \u00e0 Gand. Au cours de ces \u00e9changes avec les entreprises locales et les parties prenantes, des opportunit\u00e9s de projets concrets ont \u00e9t\u00e9 examin\u00e9es afin de d\u00e9terminer dans quels domaines la coop\u00e9ration pourrait apporter une valeur ajout\u00e9e \u00e0 toutes les parties impliqu\u00e9es.[\/vc_column_text][\/vc_column][vc_column column_padding=\u00a0\u00bbno-extra-padding\u00a0\u00bb column_padding_tablet=\u00a0\u00bbinherit\u00a0\u00bb column_padding_phone=\u00a0\u00bbinherit\u00a0\u00bb column_padding_position=\u00a0\u00bball\u00a0\u00bb column_element_direction_desktop=\u00a0\u00bbdefault\u00a0\u00bb column_element_spacing=\u00a0\u00bbdefault\u00a0\u00bb desktop_text_alignment=\u00a0\u00bbdefault\u00a0\u00bb tablet_text_alignment=\u00a0\u00bbdefault\u00a0\u00bb phone_text_alignment=\u00a0\u00bbdefault\u00a0\u00bb background_color=\u00a0\u00bb#f2f2f2&Prime; background_color_opacity=\u00a0\u00bb1&Prime; background_hover_color_opacity=\u00a0\u00bb1&Prime; column_backdrop_filter=\u00a0\u00bbnone\u00a0\u00bb column_shadow=\u00a0\u00bbsmall_depth\u00a0\u00bb column_border_radius=\u00a0\u00bb15px\u00a0\u00bb column_link_target=\u00a0\u00bb_self\u00a0\u00bb column_position=\u00a0\u00bbdefault\u00a0\u00bb gradient_direction=\u00a0\u00bbleft_to_right\u00a0\u00bb overlay_strength=\u00a0\u00bb0.3&Prime; width=\u00a0\u00bb1\/4&Prime; tablet_width_inherit=\u00a0\u00bbdefault\u00a0\u00bb animation_type=\u00a0\u00bbdefault\u00a0\u00bb bg_image_animation=\u00a0\u00bbnone\u00a0\u00bb border_type=\u00a0\u00bbsimple\u00a0\u00bb column_border_width=\u00a0\u00bbnone\u00a0\u00bb column_border_style=\u00a0\u00bbsolid\u00a0\u00bb column_padding_type=\u00a0\u00bbdefault\u00a0\u00bb gradient_type=\u00a0\u00bbdefault\u00a0\u00bb][vc_column_text css=\u00a0\u00bb\u00a0\u00bb text_direction=\u00a0\u00bbdefault\u00a0\u00bb]<strong>Client<br \/>\n<\/strong><a href=\"https:\/\/stad.gent\/nl\" target=\"_blank\" rel=\"noopener\">Ville de Gand<\/a><\/p>\n<p><strong>P\u00e9riode<br \/>\n<\/strong>2022 &#8211; 2023<\/p>\n<p><b>Th\u00e8me de r\u00e9f\u00e9rence<br \/>\n<\/b><a href=\"\/fr\/category\/references-fr\/parcs-dactivites-a-lepreuve-du-temps\/\" target=\"_blank\" rel=\"noopener\">Parcs d\u2019activit\u00e9s \u00e0 l\u2019\u00e9preuve du temps<\/a><\/p>\n<p>&nbsp;<\/p>\n<p>&nbsp;<\/p>\n<p>&nbsp;<\/p>\n<p>&nbsp;<\/p>\n<p>&nbsp;<\/p>\n<p>&nbsp;<\/p>\n<p>&nbsp;<\/p>\n<p>&nbsp;<\/p>\n[\/vc_column_text][\/vc_column][\/vc_row][vc_row type=\u00a0\u00bbin_container\u00a0\u00bb full_screen_row_position=\u00a0\u00bbmiddle\u00a0\u00bb column_margin=\u00a0\u00bbdefault\u00a0\u00bb column_direction=\u00a0\u00bbdefault\u00a0\u00bb column_direction_tablet=\u00a0\u00bbdefault\u00a0\u00bb column_direction_phone=\u00a0\u00bbdefault\u00a0\u00bb scene_position=\u00a0\u00bbcenter\u00a0\u00bb text_color=\u00a0\u00bbdark\u00a0\u00bb text_align=\u00a0\u00bbleft\u00a0\u00bb row_border_radius=\u00a0\u00bbnone\u00a0\u00bb row_border_radius_applies=\u00a0\u00bbbg\u00a0\u00bb overflow=\u00a0\u00bbvisible\u00a0\u00bb overlay_strength=\u00a0\u00bb0.3&Prime; gradient_direction=\u00a0\u00bbleft_to_right\u00a0\u00bb shape_divider_position=\u00a0\u00bbbottom\u00a0\u00bb bg_image_animation=\u00a0\u00bbnone\u00a0\u00bb][vc_column column_padding=\u00a0\u00bbno-extra-padding\u00a0\u00bb column_padding_tablet=\u00a0\u00bbinherit\u00a0\u00bb column_padding_phone=\u00a0\u00bbinherit\u00a0\u00bb column_padding_position=\u00a0\u00bball\u00a0\u00bb column_element_direction_desktop=\u00a0\u00bbdefault\u00a0\u00bb column_element_spacing=\u00a0\u00bbdefault\u00a0\u00bb desktop_text_alignment=\u00a0\u00bbdefault\u00a0\u00bb tablet_text_alignment=\u00a0\u00bbdefault\u00a0\u00bb phone_text_alignment=\u00a0\u00bbdefault\u00a0\u00bb background_color_opacity=\u00a0\u00bb1&Prime; background_hover_color_opacity=\u00a0\u00bb1&Prime; column_backdrop_filter=\u00a0\u00bbnone\u00a0\u00bb column_shadow=\u00a0\u00bbnone\u00a0\u00bb column_border_radius=\u00a0\u00bbnone\u00a0\u00bb column_link_target=\u00a0\u00bb_self\u00a0\u00bb column_position=\u00a0\u00bbdefault\u00a0\u00bb gradient_direction=\u00a0\u00bbleft_to_right\u00a0\u00bb overlay_strength=\u00a0\u00bb0.3&Prime; width=\u00a0\u00bb1\/1&Prime; tablet_width_inherit=\u00a0\u00bbdefault\u00a0\u00bb animation_type=\u00a0\u00bbdefault\u00a0\u00bb bg_image_animation=\u00a0\u00bbnone\u00a0\u00bb border_type=\u00a0\u00bbsimple\u00a0\u00bb column_border_width=\u00a0\u00bbnone\u00a0\u00bb column_border_style=\u00a0\u00bbsolid\u00a0\u00bb][vc_column_text][\/vc_column_text][vc_column_text css=\u00a0\u00bb\u00a0\u00bb text_direction=\u00a0\u00bbdefault\u00a0\u00bb]\n<h3 style=\"text-align: center;\">Curieux de savoir ce que Transition Stories peut faire pour votre organisation?<\/h3>\n[\/vc_column_text][\/vc_column][\/vc_row][vc_row type=\u00a0\u00bbin_container\u00a0\u00bb full_screen_row_position=\u00a0\u00bbmiddle\u00a0\u00bb column_margin=\u00a0\u00bbdefault\u00a0\u00bb column_direction=\u00a0\u00bbdefault\u00a0\u00bb column_direction_tablet=\u00a0\u00bbdefault\u00a0\u00bb column_direction_phone=\u00a0\u00bbdefault\u00a0\u00bb scene_position=\u00a0\u00bbcenter\u00a0\u00bb text_color=\u00a0\u00bbdark\u00a0\u00bb text_align=\u00a0\u00bbleft\u00a0\u00bb row_border_radius=\u00a0\u00bbnone\u00a0\u00bb row_border_radius_applies=\u00a0\u00bbbg\u00a0\u00bb overflow=\u00a0\u00bbvisible\u00a0\u00bb overlay_strength=\u00a0\u00bb0.3&Prime; gradient_direction=\u00a0\u00bbleft_to_right\u00a0\u00bb shape_divider_position=\u00a0\u00bbbottom\u00a0\u00bb bg_image_animation=\u00a0\u00bbnone\u00a0\u00bb][vc_column column_padding=\u00a0\u00bbno-extra-padding\u00a0\u00bb column_padding_tablet=\u00a0\u00bbinherit\u00a0\u00bb column_padding_phone=\u00a0\u00bbinherit\u00a0\u00bb column_padding_position=\u00a0\u00bball\u00a0\u00bb column_element_direction_desktop=\u00a0\u00bbdefault\u00a0\u00bb column_element_spacing=\u00a0\u00bbdefault\u00a0\u00bb desktop_text_alignment=\u00a0\u00bbdefault\u00a0\u00bb tablet_text_alignment=\u00a0\u00bbdefault\u00a0\u00bb phone_text_alignment=\u00a0\u00bbdefault\u00a0\u00bb background_color_opacity=\u00a0\u00bb1&Prime; background_hover_color_opacity=\u00a0\u00bb1&Prime; column_backdrop_filter=\u00a0\u00bbnone\u00a0\u00bb column_shadow=\u00a0\u00bbnone\u00a0\u00bb column_border_radius=\u00a0\u00bbnone\u00a0\u00bb column_link_target=\u00a0\u00bb_self\u00a0\u00bb column_position=\u00a0\u00bbdefault\u00a0\u00bb gradient_direction=\u00a0\u00bbleft_to_right\u00a0\u00bb overlay_strength=\u00a0\u00bb0.3&Prime; width=\u00a0\u00bb1\/3&Prime; tablet_width_inherit=\u00a0\u00bbdefault\u00a0\u00bb animation_type=\u00a0\u00bbdefault\u00a0\u00bb bg_image_animation=\u00a0\u00bbnone\u00a0\u00bb border_type=\u00a0\u00bbsimple\u00a0\u00bb column_border_width=\u00a0\u00bbnone\u00a0\u00bb column_border_style=\u00a0\u00bbsolid\u00a0\u00bb][\/vc_column][vc_column column_padding=\u00a0\u00bbno-extra-padding\u00a0\u00bb column_padding_tablet=\u00a0\u00bbinherit\u00a0\u00bb column_padding_phone=\u00a0\u00bbinherit\u00a0\u00bb column_padding_position=\u00a0\u00bball\u00a0\u00bb column_element_direction_desktop=\u00a0\u00bbdefault\u00a0\u00bb column_element_spacing=\u00a0\u00bbdefault\u00a0\u00bb desktop_text_alignment=\u00a0\u00bbdefault\u00a0\u00bb tablet_text_alignment=\u00a0\u00bbdefault\u00a0\u00bb phone_text_alignment=\u00a0\u00bbdefault\u00a0\u00bb background_color_opacity=\u00a0\u00bb1&Prime; background_hover_color_opacity=\u00a0\u00bb1&Prime; column_backdrop_filter=\u00a0\u00bbnone\u00a0\u00bb column_shadow=\u00a0\u00bbnone\u00a0\u00bb column_border_radius=\u00a0\u00bbnone\u00a0\u00bb column_link_target=\u00a0\u00bb_self\u00a0\u00bb column_position=\u00a0\u00bbdefault\u00a0\u00bb gradient_direction=\u00a0\u00bbleft_to_right\u00a0\u00bb overlay_strength=\u00a0\u00bb0.3&Prime; width=\u00a0\u00bb1\/3&Prime; tablet_width_inherit=\u00a0\u00bbdefault\u00a0\u00bb animation_type=\u00a0\u00bbdefault\u00a0\u00bb bg_image_animation=\u00a0\u00bbnone\u00a0\u00bb border_type=\u00a0\u00bbsimple\u00a0\u00bb column_border_width=\u00a0\u00bbnone\u00a0\u00bb column_border_style=\u00a0\u00bbsolid\u00a0\u00bb][nectar_btn size=\u00a0\u00bblarge\u00a0\u00bb button_style=\u00a0\u00bbregular\u00a0\u00bb button_color_2=\u00a0\u00bbextra-color-gradient-1&Prime; icon_family=\u00a0\u00bbnone\u00a0\u00bb text=\u00a0\u00bbContactez-nous!\u00a0\u00bb url=\u00a0\u00bbhttps:\/\/transitionstories.be\/contact\/\u00a0\u00bb][\/vc_column][vc_column column_padding=\u00a0\u00bbno-extra-padding\u00a0\u00bb column_padding_tablet=\u00a0\u00bbinherit\u00a0\u00bb column_padding_phone=\u00a0\u00bbinherit\u00a0\u00bb column_padding_position=\u00a0\u00bball\u00a0\u00bb column_element_direction_desktop=\u00a0\u00bbdefault\u00a0\u00bb column_element_spacing=\u00a0\u00bbdefault\u00a0\u00bb desktop_text_alignment=\u00a0\u00bbdefault\u00a0\u00bb tablet_text_alignment=\u00a0\u00bbdefault\u00a0\u00bb phone_text_alignment=\u00a0\u00bbdefault\u00a0\u00bb background_color_opacity=\u00a0\u00bb1&Prime; background_hover_color_opacity=\u00a0\u00bb1&Prime; column_backdrop_filter=\u00a0\u00bbnone\u00a0\u00bb column_shadow=\u00a0\u00bbnone\u00a0\u00bb column_border_radius=\u00a0\u00bbnone\u00a0\u00bb column_link_target=\u00a0\u00bb_self\u00a0\u00bb column_position=\u00a0\u00bbdefault\u00a0\u00bb gradient_direction=\u00a0\u00bbleft_to_right\u00a0\u00bb overlay_strength=\u00a0\u00bb0.3&Prime; width=\u00a0\u00bb1\/3&Prime; tablet_width_inherit=\u00a0\u00bbdefault\u00a0\u00bb animation_type=\u00a0\u00bbdefault\u00a0\u00bb bg_image_animation=\u00a0\u00bbnone\u00a0\u00bb border_type=\u00a0\u00bbsimple\u00a0\u00bb column_border_width=\u00a0\u00bbnone\u00a0\u00bb column_border_style=\u00a0\u00bbsolid\u00a0\u00bb][\/vc_column][\/vc_row]\n","protected":false},"excerpt":{"rendered":"<p>[vc_row type=\u00a0\u00bbin_container\u00a0\u00bb full_screen_row_position=\u00a0\u00bbmiddle\u00a0\u00bb column_margin=\u00a0\u00bbdefault\u00a0\u00bb equal_height=\u00a0\u00bbyes\u00a0\u00bb content_placement=\u00a0\u00bbmiddle\u00a0\u00bb column_direction=\u00a0\u00bbdefault\u00a0\u00bb column_direction_tablet=\u00a0\u00bbdefault\u00a0\u00bb column_direction_phone=\u00a0\u00bbdefault\u00a0\u00bb scene_position=\u00a0\u00bbcenter\u00a0\u00bb scale_desktop=\u00a0\u00bb1.01&Prime; text_color=\u00a0\u00bbdark\u00a0\u00bb text_align=\u00a0\u00bbleft\u00a0\u00bb row_border_radius=\u00a0\u00bbnone\u00a0\u00bb row_border_radius_applies=\u00a0\u00bbbg\u00a0\u00bb overflow=\u00a0\u00bbvisible\u00a0\u00bb overlay_strength=\u00a0\u00bb0.3&Prime; gradient_direction=\u00a0\u00bbleft_to_right\u00a0\u00bb shape_divider_position=\u00a0\u00bbbottom\u00a0\u00bb bg_image_animation=\u00a0\u00bbnone\u00a0\u00bb gradient_type=\u00a0\u00bbdefault\u00a0\u00bb shape_type=\u00a0\u00bb\u00a0\u00bb][vc_column column_padding=\u00a0\u00bbno-extra-padding\u00a0\u00bb column_padding_tablet=\u00a0\u00bbinherit\u00a0\u00bb column_padding_phone=\u00a0\u00bbinherit\u00a0\u00bb column_padding_position=\u00a0\u00bball\u00a0\u00bb column_element_direction_desktop=\u00a0\u00bbdefault\u00a0\u00bb column_element_spacing=\u00a0\u00bbdefault\u00a0\u00bb desktop_text_alignment=\u00a0\u00bbdefault\u00a0\u00bb tablet_text_alignment=\u00a0\u00bbdefault\u00a0\u00bb&#8230;<\/p>\n","protected":false},"author":5,"featured_media":2294,"comment_status":"closed","ping_status":"closed","sticky":false,"template":"","format":"standard","meta":{"footnotes":""},"categories":[270,497],"tags":[316,622,606,343,350,616],"class_list":{"0":"post-2293","1":"post","2":"type-post","3":"status-publish","4":"format-standard","5":"has-post-thumbnail","7":"category-parcs-dactivites-a-lepreuve-du-temps","8":"category-references-fr","9":"tag-bedrijventerreinen-fr","10":"tag-opportunites-de-durabilite","11":"tag-parcs-dactivites","12":"tag-stad-gent-fr","13":"tag-verduurzamingskansen-fr","14":"tag-ville-de-gand"},"yoast_head":"<!-- This site is optimized with the Yoast SEO plugin v27.4 - https:\/\/yoast.com\/product\/yoast-seo-wordpress\/ -->\n<title>Cr\u00e9er des opportunit\u00e9s collectives de durabilit\u00e9 dans les parcs d&#039;activit\u00e9s de Gand - Transition Stories<\/title>\n<meta name=\"description\" content=\"En collaboration avec Transition Stories, la ville de Gand revitalise ses zones industrielles pour atteindre la neutralit\u00e9 climatique.\" \/>\n<meta name=\"robots\" content=\"index, follow, max-snippet:-1, max-image-preview:large, max-video-preview:-1\" \/>\n<link rel=\"canonical\" href=\"https:\/\/transitionstories.be\/fr\/creer-des-opportunites-collectives-de-durabilite-dans-les-parcs-dactivites-de-gand\/\" \/>\n<meta property=\"og:locale\" content=\"fr_FR\" \/>\n<meta property=\"og:type\" content=\"article\" \/>\n<meta property=\"og:title\" content=\"Cr\u00e9er des opportunit\u00e9s collectives de durabilit\u00e9 dans les parcs d&#039;activit\u00e9s de Gand - Transition Stories\" \/>\n<meta property=\"og:description\" content=\"En collaboration avec Transition Stories, la ville de Gand revitalise ses zones industrielles pour atteindre la neutralit\u00e9 climatique.\" \/>\n<meta property=\"og:url\" content=\"https:\/\/transitionstories.be\/fr\/creer-des-opportunites-collectives-de-durabilite-dans-les-parcs-dactivites-de-gand\/\" \/>\n<meta property=\"og:site_name\" content=\"Transition Stories\" \/>\n<meta property=\"article:publisher\" content=\"https:\/\/www.facebook.com\/transitionHeroes\/\" \/>\n<meta property=\"article:published_time\" content=\"2024-05-10T13:27:06+00:00\" \/>\n<meta property=\"article:modified_time\" content=\"2024-06-17T13:25:48+00:00\" \/>\n<meta property=\"og:image\" content=\"https:\/\/transitionstories.be\/wp-content\/uploads\/2024\/05\/TS22_33.png\" \/>\n\t<meta property=\"og:image:width\" content=\"626\" \/>\n\t<meta property=\"og:image:height\" content=\"375\" \/>\n\t<meta property=\"og:image:type\" content=\"image\/png\" \/>\n<meta name=\"author\" content=\"Emma Adriaensen\" \/>\n<meta name=\"twitter:card\" content=\"summary_large_image\" \/>\n<meta name=\"twitter:label1\" content=\"\u00c9crit par\" \/>\n\t<meta name=\"twitter:data1\" content=\"Emma Adriaensen\" \/>\n\t<meta name=\"twitter:label2\" content=\"Dur\u00e9e de lecture estim\u00e9e\" \/>\n\t<meta name=\"twitter:data2\" content=\"3 minutes\" \/>\n<script type=\"application\/ld+json\" class=\"yoast-schema-graph\">{\"@context\":\"https:\\\/\\\/schema.org\",\"@graph\":[{\"@type\":\"Article\",\"@id\":\"https:\\\/\\\/transitionstories.be\\\/fr\\\/creer-des-opportunites-collectives-de-durabilite-dans-les-parcs-dactivites-de-gand\\\/#article\",\"isPartOf\":{\"@id\":\"https:\\\/\\\/transitionstories.be\\\/fr\\\/creer-des-opportunites-collectives-de-durabilite-dans-les-parcs-dactivites-de-gand\\\/\"},\"author\":{\"name\":\"Emma Adriaensen\",\"@id\":\"https:\\\/\\\/transitionstories.be\\\/fr\\\/#\\\/schema\\\/person\\\/1718db068a30e21cdc3cb1aa2827bcb2\"},\"headline\":\"Cr\u00e9er des opportunit\u00e9s collectives de durabilit\u00e9 dans les parcs d&rsquo;activit\u00e9s de Gand\",\"datePublished\":\"2024-05-10T13:27:06+00:00\",\"dateModified\":\"2024-06-17T13:25:48+00:00\",\"mainEntityOfPage\":{\"@id\":\"https:\\\/\\\/transitionstories.be\\\/fr\\\/creer-des-opportunites-collectives-de-durabilite-dans-les-parcs-dactivites-de-gand\\\/\"},\"wordCount\":1240,\"image\":{\"@id\":\"https:\\\/\\\/transitionstories.be\\\/fr\\\/creer-des-opportunites-collectives-de-durabilite-dans-les-parcs-dactivites-de-gand\\\/#primaryimage\"},\"thumbnailUrl\":\"https:\\\/\\\/transitionstories.be\\\/wp-content\\\/uploads\\\/2024\\\/05\\\/TS22_33.png\",\"keywords\":[\"bedrijventerreinen\",\"opportunit\u00e9s de durabilit\u00e9\",\"parcs d'activit\u00e9s\",\"stad Gent\",\"verduurzamingskansen\",\"ville de Gand\"],\"articleSection\":[\"Parcs d'activit\u00e9s \u00e0 l'\u00e9preuve du temps\",\"R\u00e9f\u00e9rences\"],\"inLanguage\":\"fr-FR\"},{\"@type\":\"WebPage\",\"@id\":\"https:\\\/\\\/transitionstories.be\\\/fr\\\/creer-des-opportunites-collectives-de-durabilite-dans-les-parcs-dactivites-de-gand\\\/\",\"url\":\"https:\\\/\\\/transitionstories.be\\\/fr\\\/creer-des-opportunites-collectives-de-durabilite-dans-les-parcs-dactivites-de-gand\\\/\",\"name\":\"Cr\u00e9er des opportunit\u00e9s collectives de durabilit\u00e9 dans les parcs d'activit\u00e9s de Gand - Transition Stories\",\"isPartOf\":{\"@id\":\"https:\\\/\\\/transitionstories.be\\\/fr\\\/#website\"},\"primaryImageOfPage\":{\"@id\":\"https:\\\/\\\/transitionstories.be\\\/fr\\\/creer-des-opportunites-collectives-de-durabilite-dans-les-parcs-dactivites-de-gand\\\/#primaryimage\"},\"image\":{\"@id\":\"https:\\\/\\\/transitionstories.be\\\/fr\\\/creer-des-opportunites-collectives-de-durabilite-dans-les-parcs-dactivites-de-gand\\\/#primaryimage\"},\"thumbnailUrl\":\"https:\\\/\\\/transitionstories.be\\\/wp-content\\\/uploads\\\/2024\\\/05\\\/TS22_33.png\",\"datePublished\":\"2024-05-10T13:27:06+00:00\",\"dateModified\":\"2024-06-17T13:25:48+00:00\",\"author\":{\"@id\":\"https:\\\/\\\/transitionstories.be\\\/fr\\\/#\\\/schema\\\/person\\\/1718db068a30e21cdc3cb1aa2827bcb2\"},\"description\":\"En collaboration avec Transition Stories, la ville de Gand revitalise ses zones industrielles pour atteindre la neutralit\u00e9 climatique.\",\"breadcrumb\":{\"@id\":\"https:\\\/\\\/transitionstories.be\\\/fr\\\/creer-des-opportunites-collectives-de-durabilite-dans-les-parcs-dactivites-de-gand\\\/#breadcrumb\"},\"inLanguage\":\"fr-FR\",\"potentialAction\":[{\"@type\":\"ReadAction\",\"target\":[\"https:\\\/\\\/transitionstories.be\\\/fr\\\/creer-des-opportunites-collectives-de-durabilite-dans-les-parcs-dactivites-de-gand\\\/\"]}]},{\"@type\":\"ImageObject\",\"inLanguage\":\"fr-FR\",\"@id\":\"https:\\\/\\\/transitionstories.be\\\/fr\\\/creer-des-opportunites-collectives-de-durabilite-dans-les-parcs-dactivites-de-gand\\\/#primaryimage\",\"url\":\"https:\\\/\\\/transitionstories.be\\\/wp-content\\\/uploads\\\/2024\\\/05\\\/TS22_33.png\",\"contentUrl\":\"https:\\\/\\\/transitionstories.be\\\/wp-content\\\/uploads\\\/2024\\\/05\\\/TS22_33.png\",\"width\":626,\"height\":375},{\"@type\":\"BreadcrumbList\",\"@id\":\"https:\\\/\\\/transitionstories.be\\\/fr\\\/creer-des-opportunites-collectives-de-durabilite-dans-les-parcs-dactivites-de-gand\\\/#breadcrumb\",\"itemListElement\":[{\"@type\":\"ListItem\",\"position\":1,\"name\":\"Home\",\"item\":\"https:\\\/\\\/transitionstories.be\\\/fr\\\/\"},{\"@type\":\"ListItem\",\"position\":2,\"name\":\"R\u00e9f\u00e9rences\",\"item\":\"https:\\\/\\\/transitionstories.be\\\/fr\\\/category\\\/references-fr\\\/\"},{\"@type\":\"ListItem\",\"position\":3,\"name\":\"Parcs d'activit\u00e9s \u00e0 l'\u00e9preuve du temps\",\"item\":\"https:\\\/\\\/transitionstories.be\\\/fr\\\/category\\\/references-fr\\\/parcs-dactivites-a-lepreuve-du-temps\\\/\"},{\"@type\":\"ListItem\",\"position\":4,\"name\":\"Cr\u00e9er des opportunit\u00e9s collectives de durabilit\u00e9 dans les parcs d&#8217;activit\u00e9s de Gand\"}]},{\"@type\":\"WebSite\",\"@id\":\"https:\\\/\\\/transitionstories.be\\\/fr\\\/#website\",\"url\":\"https:\\\/\\\/transitionstories.be\\\/fr\\\/\",\"name\":\"Transition Stories\",\"description\":\"Unboxing Sustainable Solutions\",\"potentialAction\":[{\"@type\":\"SearchAction\",\"target\":{\"@type\":\"EntryPoint\",\"urlTemplate\":\"https:\\\/\\\/transitionstories.be\\\/fr\\\/?s={search_term_string}\"},\"query-input\":{\"@type\":\"PropertyValueSpecification\",\"valueRequired\":true,\"valueName\":\"search_term_string\"}}],\"inLanguage\":\"fr-FR\"},{\"@type\":\"Person\",\"@id\":\"https:\\\/\\\/transitionstories.be\\\/fr\\\/#\\\/schema\\\/person\\\/1718db068a30e21cdc3cb1aa2827bcb2\",\"name\":\"Emma Adriaensen\",\"image\":{\"@type\":\"ImageObject\",\"inLanguage\":\"fr-FR\",\"@id\":\"https:\\\/\\\/secure.gravatar.com\\\/avatar\\\/bf11d3e0e74a22003cca85281a67764808f1e7d540431e446fd717729989a457?s=96&d=mm&r=g\",\"url\":\"https:\\\/\\\/secure.gravatar.com\\\/avatar\\\/bf11d3e0e74a22003cca85281a67764808f1e7d540431e446fd717729989a457?s=96&d=mm&r=g\",\"contentUrl\":\"https:\\\/\\\/secure.gravatar.com\\\/avatar\\\/bf11d3e0e74a22003cca85281a67764808f1e7d540431e446fd717729989a457?s=96&d=mm&r=g\",\"caption\":\"Emma Adriaensen\"}}]}<\/script>\n<!-- \/ Yoast SEO plugin. -->","yoast_head_json":{"title":"Cr\u00e9er des opportunit\u00e9s collectives de durabilit\u00e9 dans les parcs d'activit\u00e9s de Gand - Transition Stories","description":"En collaboration avec Transition Stories, la ville de Gand revitalise ses zones industrielles pour atteindre la neutralit\u00e9 climatique.","robots":{"index":"index","follow":"follow","max-snippet":"max-snippet:-1","max-image-preview":"max-image-preview:large","max-video-preview":"max-video-preview:-1"},"canonical":"https:\/\/transitionstories.be\/fr\/creer-des-opportunites-collectives-de-durabilite-dans-les-parcs-dactivites-de-gand\/","og_locale":"fr_FR","og_type":"article","og_title":"Cr\u00e9er des opportunit\u00e9s collectives de durabilit\u00e9 dans les parcs d'activit\u00e9s de Gand - Transition Stories","og_description":"En collaboration avec Transition Stories, la ville de Gand revitalise ses zones industrielles pour atteindre la neutralit\u00e9 climatique.","og_url":"https:\/\/transitionstories.be\/fr\/creer-des-opportunites-collectives-de-durabilite-dans-les-parcs-dactivites-de-gand\/","og_site_name":"Transition Stories","article_publisher":"https:\/\/www.facebook.com\/transitionHeroes\/","article_published_time":"2024-05-10T13:27:06+00:00","article_modified_time":"2024-06-17T13:25:48+00:00","og_image":[{"width":626,"height":375,"url":"https:\/\/transitionstories.be\/wp-content\/uploads\/2024\/05\/TS22_33.png","type":"image\/png"}],"author":"Emma Adriaensen","twitter_card":"summary_large_image","twitter_misc":{"\u00c9crit par":"Emma Adriaensen","Dur\u00e9e de lecture estim\u00e9e":"3 minutes"},"schema":{"@context":"https:\/\/schema.org","@graph":[{"@type":"Article","@id":"https:\/\/transitionstories.be\/fr\/creer-des-opportunites-collectives-de-durabilite-dans-les-parcs-dactivites-de-gand\/#article","isPartOf":{"@id":"https:\/\/transitionstories.be\/fr\/creer-des-opportunites-collectives-de-durabilite-dans-les-parcs-dactivites-de-gand\/"},"author":{"name":"Emma Adriaensen","@id":"https:\/\/transitionstories.be\/fr\/#\/schema\/person\/1718db068a30e21cdc3cb1aa2827bcb2"},"headline":"Cr\u00e9er des opportunit\u00e9s collectives de durabilit\u00e9 dans les parcs d&rsquo;activit\u00e9s de Gand","datePublished":"2024-05-10T13:27:06+00:00","dateModified":"2024-06-17T13:25:48+00:00","mainEntityOfPage":{"@id":"https:\/\/transitionstories.be\/fr\/creer-des-opportunites-collectives-de-durabilite-dans-les-parcs-dactivites-de-gand\/"},"wordCount":1240,"image":{"@id":"https:\/\/transitionstories.be\/fr\/creer-des-opportunites-collectives-de-durabilite-dans-les-parcs-dactivites-de-gand\/#primaryimage"},"thumbnailUrl":"https:\/\/transitionstories.be\/wp-content\/uploads\/2024\/05\/TS22_33.png","keywords":["bedrijventerreinen","opportunit\u00e9s de durabilit\u00e9","parcs d'activit\u00e9s","stad Gent","verduurzamingskansen","ville de Gand"],"articleSection":["Parcs d'activit\u00e9s \u00e0 l'\u00e9preuve du temps","R\u00e9f\u00e9rences"],"inLanguage":"fr-FR"},{"@type":"WebPage","@id":"https:\/\/transitionstories.be\/fr\/creer-des-opportunites-collectives-de-durabilite-dans-les-parcs-dactivites-de-gand\/","url":"https:\/\/transitionstories.be\/fr\/creer-des-opportunites-collectives-de-durabilite-dans-les-parcs-dactivites-de-gand\/","name":"Cr\u00e9er des opportunit\u00e9s collectives de durabilit\u00e9 dans les parcs d'activit\u00e9s de Gand - Transition Stories","isPartOf":{"@id":"https:\/\/transitionstories.be\/fr\/#website"},"primaryImageOfPage":{"@id":"https:\/\/transitionstories.be\/fr\/creer-des-opportunites-collectives-de-durabilite-dans-les-parcs-dactivites-de-gand\/#primaryimage"},"image":{"@id":"https:\/\/transitionstories.be\/fr\/creer-des-opportunites-collectives-de-durabilite-dans-les-parcs-dactivites-de-gand\/#primaryimage"},"thumbnailUrl":"https:\/\/transitionstories.be\/wp-content\/uploads\/2024\/05\/TS22_33.png","datePublished":"2024-05-10T13:27:06+00:00","dateModified":"2024-06-17T13:25:48+00:00","author":{"@id":"https:\/\/transitionstories.be\/fr\/#\/schema\/person\/1718db068a30e21cdc3cb1aa2827bcb2"},"description":"En collaboration avec Transition Stories, la ville de Gand revitalise ses zones industrielles pour atteindre la neutralit\u00e9 climatique.","breadcrumb":{"@id":"https:\/\/transitionstories.be\/fr\/creer-des-opportunites-collectives-de-durabilite-dans-les-parcs-dactivites-de-gand\/#breadcrumb"},"inLanguage":"fr-FR","potentialAction":[{"@type":"ReadAction","target":["https:\/\/transitionstories.be\/fr\/creer-des-opportunites-collectives-de-durabilite-dans-les-parcs-dactivites-de-gand\/"]}]},{"@type":"ImageObject","inLanguage":"fr-FR","@id":"https:\/\/transitionstories.be\/fr\/creer-des-opportunites-collectives-de-durabilite-dans-les-parcs-dactivites-de-gand\/#primaryimage","url":"https:\/\/transitionstories.be\/wp-content\/uploads\/2024\/05\/TS22_33.png","contentUrl":"https:\/\/transitionstories.be\/wp-content\/uploads\/2024\/05\/TS22_33.png","width":626,"height":375},{"@type":"BreadcrumbList","@id":"https:\/\/transitionstories.be\/fr\/creer-des-opportunites-collectives-de-durabilite-dans-les-parcs-dactivites-de-gand\/#breadcrumb","itemListElement":[{"@type":"ListItem","position":1,"name":"Home","item":"https:\/\/transitionstories.be\/fr\/"},{"@type":"ListItem","position":2,"name":"R\u00e9f\u00e9rences","item":"https:\/\/transitionstories.be\/fr\/category\/references-fr\/"},{"@type":"ListItem","position":3,"name":"Parcs d'activit\u00e9s \u00e0 l'\u00e9preuve du temps","item":"https:\/\/transitionstories.be\/fr\/category\/references-fr\/parcs-dactivites-a-lepreuve-du-temps\/"},{"@type":"ListItem","position":4,"name":"Cr\u00e9er des opportunit\u00e9s collectives de durabilit\u00e9 dans les parcs d&#8217;activit\u00e9s de Gand"}]},{"@type":"WebSite","@id":"https:\/\/transitionstories.be\/fr\/#website","url":"https:\/\/transitionstories.be\/fr\/","name":"Transition Stories","description":"Unboxing Sustainable Solutions","potentialAction":[{"@type":"SearchAction","target":{"@type":"EntryPoint","urlTemplate":"https:\/\/transitionstories.be\/fr\/?s={search_term_string}"},"query-input":{"@type":"PropertyValueSpecification","valueRequired":true,"valueName":"search_term_string"}}],"inLanguage":"fr-FR"},{"@type":"Person","@id":"https:\/\/transitionstories.be\/fr\/#\/schema\/person\/1718db068a30e21cdc3cb1aa2827bcb2","name":"Emma Adriaensen","image":{"@type":"ImageObject","inLanguage":"fr-FR","@id":"https:\/\/secure.gravatar.com\/avatar\/bf11d3e0e74a22003cca85281a67764808f1e7d540431e446fd717729989a457?s=96&d=mm&r=g","url":"https:\/\/secure.gravatar.com\/avatar\/bf11d3e0e74a22003cca85281a67764808f1e7d540431e446fd717729989a457?s=96&d=mm&r=g","contentUrl":"https:\/\/secure.gravatar.com\/avatar\/bf11d3e0e74a22003cca85281a67764808f1e7d540431e446fd717729989a457?s=96&d=mm&r=g","caption":"Emma Adriaensen"}}]}},"_links":{"self":[{"href":"https:\/\/transitionstories.be\/fr\/wp-json\/wp\/v2\/posts\/2293","targetHints":{"allow":["GET"]}}],"collection":[{"href":"https:\/\/transitionstories.be\/fr\/wp-json\/wp\/v2\/posts"}],"about":[{"href":"https:\/\/transitionstories.be\/fr\/wp-json\/wp\/v2\/types\/post"}],"author":[{"embeddable":true,"href":"https:\/\/transitionstories.be\/fr\/wp-json\/wp\/v2\/users\/5"}],"replies":[{"embeddable":true,"href":"https:\/\/transitionstories.be\/fr\/wp-json\/wp\/v2\/comments?post=2293"}],"version-history":[{"count":6,"href":"https:\/\/transitionstories.be\/fr\/wp-json\/wp\/v2\/posts\/2293\/revisions"}],"predecessor-version":[{"id":3563,"href":"https:\/\/transitionstories.be\/fr\/wp-json\/wp\/v2\/posts\/2293\/revisions\/3563"}],"wp:featuredmedia":[{"embeddable":true,"href":"https:\/\/transitionstories.be\/fr\/wp-json\/wp\/v2\/media\/2294"}],"wp:attachment":[{"href":"https:\/\/transitionstories.be\/fr\/wp-json\/wp\/v2\/media?parent=2293"}],"wp:term":[{"taxonomy":"category","embeddable":true,"href":"https:\/\/transitionstories.be\/fr\/wp-json\/wp\/v2\/categories?post=2293"},{"taxonomy":"post_tag","embeddable":true,"href":"https:\/\/transitionstories.be\/fr\/wp-json\/wp\/v2\/tags?post=2293"}],"curies":[{"name":"wp","href":"https:\/\/api.w.org\/{rel}","templated":true}]}}