{"id":2233,"date":"2024-05-27T11:06:18","date_gmt":"2024-05-27T09:06:18","guid":{"rendered":"https:\/\/transitionstories.be\/klimaatwijk-ter-elst-leuvense-tuinwijk-als-hefboom-voor-stedelijke-duurzaamheidstransitie\/"},"modified":"2024-06-25T15:58:27","modified_gmt":"2024-06-25T13:58:27","slug":"le-quartier-climatique-ter-elst-la-cite-jardin-de-louvain","status":"publish","type":"post","link":"https:\/\/transitionstories.be\/fr\/le-quartier-climatique-ter-elst-la-cite-jardin-de-louvain\/","title":{"rendered":"Le quartier climatique de Ter Elst : le cit\u00e9-jardin de Louvain, levier de la transition vers la durabilit\u00e9 urbaine"},"content":{"rendered":"[vc_row type=\u00a0\u00bbin_container\u00a0\u00bb full_screen_row_position=\u00a0\u00bbmiddle\u00a0\u00bb column_margin=\u00a0\u00bbdefault\u00a0\u00bb equal_height=\u00a0\u00bbyes\u00a0\u00bb content_placement=\u00a0\u00bbmiddle\u00a0\u00bb column_direction=\u00a0\u00bbdefault\u00a0\u00bb column_direction_tablet=\u00a0\u00bbdefault\u00a0\u00bb column_direction_phone=\u00a0\u00bbdefault\u00a0\u00bb scene_position=\u00a0\u00bbcenter\u00a0\u00bb scale_desktop=\u00a0\u00bb1.01&Prime; text_color=\u00a0\u00bbdark\u00a0\u00bb text_align=\u00a0\u00bbleft\u00a0\u00bb row_border_radius=\u00a0\u00bbnone\u00a0\u00bb row_border_radius_applies=\u00a0\u00bbbg\u00a0\u00bb overflow=\u00a0\u00bbvisible\u00a0\u00bb overlay_strength=\u00a0\u00bb0.3&Prime; gradient_direction=\u00a0\u00bbleft_to_right\u00a0\u00bb shape_divider_position=\u00a0\u00bbbottom\u00a0\u00bb bg_image_animation=\u00a0\u00bbnone\u00a0\u00bb gradient_type=\u00a0\u00bbdefault\u00a0\u00bb shape_type=\u00a0\u00bb\u00a0\u00bb][vc_column column_padding=\u00a0\u00bbno-extra-padding\u00a0\u00bb column_padding_tablet=\u00a0\u00bbinherit\u00a0\u00bb column_padding_phone=\u00a0\u00bbinherit\u00a0\u00bb column_padding_position=\u00a0\u00bball\u00a0\u00bb column_element_direction_desktop=\u00a0\u00bbdefault\u00a0\u00bb column_element_spacing=\u00a0\u00bbdefault\u00a0\u00bb desktop_text_alignment=\u00a0\u00bbdefault\u00a0\u00bb tablet_text_alignment=\u00a0\u00bbdefault\u00a0\u00bb phone_text_alignment=\u00a0\u00bbdefault\u00a0\u00bb background_color_opacity=\u00a0\u00bb1&Prime; background_hover_color_opacity=\u00a0\u00bb1&Prime; column_backdrop_filter=\u00a0\u00bbnone\u00a0\u00bb column_shadow=\u00a0\u00bbnone\u00a0\u00bb column_border_radius=\u00a0\u00bbnone\u00a0\u00bb column_link_target=\u00a0\u00bb_self\u00a0\u00bb column_position=\u00a0\u00bbdefault\u00a0\u00bb gradient_direction=\u00a0\u00bbleft_to_right\u00a0\u00bb overlay_strength=\u00a0\u00bb0.3&Prime; width=\u00a0\u00bb1\/4&Prime; tablet_width_inherit=\u00a0\u00bbdefault\u00a0\u00bb animation_type=\u00a0\u00bbdefault\u00a0\u00bb bg_image_animation=\u00a0\u00bbnone\u00a0\u00bb border_type=\u00a0\u00bbsimple\u00a0\u00bb column_border_width=\u00a0\u00bbnone\u00a0\u00bb column_border_style=\u00a0\u00bbsolid\u00a0\u00bb][\/vc_column][vc_column column_padding=\u00a0\u00bbno-extra-padding\u00a0\u00bb column_padding_tablet=\u00a0\u00bbinherit\u00a0\u00bb column_padding_phone=\u00a0\u00bbinherit\u00a0\u00bb column_padding_position=\u00a0\u00bball\u00a0\u00bb column_element_direction_desktop=\u00a0\u00bbdefault\u00a0\u00bb column_element_spacing=\u00a0\u00bbdefault\u00a0\u00bb desktop_text_alignment=\u00a0\u00bbdefault\u00a0\u00bb tablet_text_alignment=\u00a0\u00bbdefault\u00a0\u00bb phone_text_alignment=\u00a0\u00bbdefault\u00a0\u00bb background_color_opacity=\u00a0\u00bb1&Prime; background_hover_color_opacity=\u00a0\u00bb1&Prime; column_backdrop_filter=\u00a0\u00bbnone\u00a0\u00bb column_shadow=\u00a0\u00bbnone\u00a0\u00bb column_border_radius=\u00a0\u00bbnone\u00a0\u00bb column_link_target=\u00a0\u00bb_self\u00a0\u00bb column_position=\u00a0\u00bbdefault\u00a0\u00bb gradient_direction=\u00a0\u00bbleft_to_right\u00a0\u00bb overlay_strength=\u00a0\u00bb0.3&Prime; width=\u00a0\u00bb1\/2&Prime; tablet_width_inherit=\u00a0\u00bbdefault\u00a0\u00bb animation_type=\u00a0\u00bbdefault\u00a0\u00bb bg_image_animation=\u00a0\u00bbnone\u00a0\u00bb border_type=\u00a0\u00bbsimple\u00a0\u00bb column_border_width=\u00a0\u00bbnone\u00a0\u00bb column_border_style=\u00a0\u00bbsolid\u00a0\u00bb][vc_column_text css=\u00a0\u00bb\u00a0\u00bb text_direction=\u00a0\u00bbdefault\u00a0\u00bb]<span style=\"color: #ff0000;\">Cette mission concerne les cit\u00e9s-jardins de Louvain en tant que levier de la transition vers la durabilit\u00e9 urbaine.\u00a0La ville de Louvain souhaite ainsi se concentrer sur la reconversion collective des quartiers de jardins \u00e0 valeur patrimoniale. Cela implique la r\u00e9duction des \u00e9missions de gaz \u00e0 effet de serre d&rsquo;une part, mais aussi des accents autour de la r\u00e9sistance au climat. L&rsquo;objectif \u00e9tait de d\u00e9velopper une vision et une strat\u00e9gie de transition pour le quartier pilote Ter Elst, qui fournisse des outils pour les autres cit\u00e9s-jardins. \u00c0 cette fin, une \u00e9quipe de conception int\u00e9grale a \u00e9t\u00e9 constitu\u00e9e pour travailler sous l&rsquo;angle de l&rsquo;\u00e9nergie, de la politique, de la conception et de la participation.<\/span>[\/vc_column_text][vc_column_text css=\u00a0\u00bb\u00a0\u00bb text_direction=\u00a0\u00bbdefault\u00a0\u00bb]Transition Stories a \u00e9labor\u00e9 une strat\u00e9gie de participation pour Ter Elst en quatre \u00e9tapes. Un atelier exploratoire avec la ville et les clients sur leurs souhaits et leurs attentes, mais aussi pour rafra\u00eechir les connaissances du terrain sur Ter Elst. La strat\u00e9gie de participation a ensuite \u00e9t\u00e9 enrichie par l&rsquo;int\u00e9gration d&rsquo;\u00e9l\u00e9ments issus de la r\u00e9flexion sur la transition et de la gestion de la participation. Une enqu\u00eate a \u00e9t\u00e9 men\u00e9e aupr\u00e8s des habitants de Ter Elst pour conna\u00eetre leurs besoins, leurs souhaits, leurs attentes et la mesure dans laquelle ils souhaitent \u00eatre impliqu\u00e9s dans le processus.[\/vc_column_text][vc_column_text css=\u00a0\u00bb\u00a0\u00bb text_direction=\u00a0\u00bbdefault\u00a0\u00bb]Sur la base des r\u00e9sultats de l&rsquo;enqu\u00eate et de l&rsquo;intervision au sein de l&rsquo;\u00e9quipe du projet, la strat\u00e9gie a \u00e9t\u00e9 affin\u00e9e afin de fournir une orientation substantielle et d&rsquo;offrir une strat\u00e9gie de participation sur mesure. Ce projet a \u00e9t\u00e9 men\u00e9 \u00e0 bien en coop\u00e9ration avec <a href=\"https:\/\/omgeving.be\/nl\/\" target=\"_blank\" rel=\"noopener\">OMGEVING<\/a>,\u00a0<a href=\"https:\/\/www.swecobelgium.be\/\" target=\"_blank\" rel=\"noopener\">Sweco<\/a>,\u00a0<a href=\"https:\/\/www.re-st.be\/\" target=\"_blank\" rel=\"noopener\">RE-ST<\/a> et SuMa Consulting.<\/p>\n<h6>SOURCE de la PHOTO: <a href=\"https:\/\/vlaamsbouwmeester.be\/nl\/nieuws\/onderzoeken-klimaatwijk-leuven-en-klimaatwijk-mechelen-afgerond\" target=\"_blank\" rel=\"noopener\">vlaamsbouwmeester.be<\/a><\/h6>\n[\/vc_column_text][\/vc_column][vc_column column_padding=\u00a0\u00bbno-extra-padding\u00a0\u00bb column_padding_tablet=\u00a0\u00bbinherit\u00a0\u00bb column_padding_phone=\u00a0\u00bbinherit\u00a0\u00bb column_padding_position=\u00a0\u00bball\u00a0\u00bb column_element_direction_desktop=\u00a0\u00bbdefault\u00a0\u00bb column_element_spacing=\u00a0\u00bbdefault\u00a0\u00bb desktop_text_alignment=\u00a0\u00bbdefault\u00a0\u00bb tablet_text_alignment=\u00a0\u00bbdefault\u00a0\u00bb phone_text_alignment=\u00a0\u00bbdefault\u00a0\u00bb background_color=\u00a0\u00bb#f2f2f2&Prime; background_color_opacity=\u00a0\u00bb1&Prime; background_hover_color_opacity=\u00a0\u00bb1&Prime; column_backdrop_filter=\u00a0\u00bbnone\u00a0\u00bb column_shadow=\u00a0\u00bbsmall_depth\u00a0\u00bb column_border_radius=\u00a0\u00bb15px\u00a0\u00bb column_link_target=\u00a0\u00bb_self\u00a0\u00bb column_position=\u00a0\u00bbdefault\u00a0\u00bb gradient_direction=\u00a0\u00bbleft_to_right\u00a0\u00bb overlay_strength=\u00a0\u00bb0.3&Prime; width=\u00a0\u00bb1\/4&Prime; tablet_width_inherit=\u00a0\u00bbdefault\u00a0\u00bb animation_type=\u00a0\u00bbdefault\u00a0\u00bb bg_image_animation=\u00a0\u00bbnone\u00a0\u00bb border_type=\u00a0\u00bbsimple\u00a0\u00bb column_border_width=\u00a0\u00bbnone\u00a0\u00bb column_border_style=\u00a0\u00bbsolid\u00a0\u00bb column_padding_type=\u00a0\u00bbdefault\u00a0\u00bb gradient_type=\u00a0\u00bbdefault\u00a0\u00bb][vc_column_text css=\u00a0\u00bb\u00a0\u00bb text_direction=\u00a0\u00bbdefault\u00a0\u00bb]<strong>Client<br \/>\n<\/strong><a href=\"https:\/\/omgeving.vlaanderen.be\/nl\" target=\"_blank\" rel=\"noopener\">Departement Omgeving<\/a><\/p>\n<p><strong>P\u00e9riode<br \/>\n<\/strong>2020 &#8211; 2021<\/p>\n<p><b>Th\u00e8me de r\u00e9f\u00e9rence<br \/>\n<\/b><a href=\"\/fr\/category\/references-fr\/construire-renover\/\" target=\"_blank\" rel=\"noopener\">Construire &amp; r\u00e9nover<\/a><\/p>\n<p>&nbsp;<\/p>\n<p>&nbsp;<\/p>\n<p>&nbsp;<\/p>\n<p>&nbsp;<\/p>\n<p>&nbsp;<\/p>\n<p>&nbsp;<\/p>\n<p>&nbsp;<\/p>\n<p>&nbsp;<\/p>\n<p>&nbsp;<\/p>\n<p>&nbsp;<\/p>\n[\/vc_column_text][\/vc_column][\/vc_row][vc_row type=\u00a0\u00bbin_container\u00a0\u00bb full_screen_row_position=\u00a0\u00bbmiddle\u00a0\u00bb column_margin=\u00a0\u00bbdefault\u00a0\u00bb column_direction=\u00a0\u00bbdefault\u00a0\u00bb column_direction_tablet=\u00a0\u00bbdefault\u00a0\u00bb column_direction_phone=\u00a0\u00bbdefault\u00a0\u00bb scene_position=\u00a0\u00bbcenter\u00a0\u00bb text_color=\u00a0\u00bbdark\u00a0\u00bb text_align=\u00a0\u00bbleft\u00a0\u00bb row_border_radius=\u00a0\u00bbnone\u00a0\u00bb row_border_radius_applies=\u00a0\u00bbbg\u00a0\u00bb overflow=\u00a0\u00bbvisible\u00a0\u00bb overlay_strength=\u00a0\u00bb0.3&Prime; gradient_direction=\u00a0\u00bbleft_to_right\u00a0\u00bb shape_divider_position=\u00a0\u00bbbottom\u00a0\u00bb bg_image_animation=\u00a0\u00bbnone\u00a0\u00bb][vc_column column_padding=\u00a0\u00bbno-extra-padding\u00a0\u00bb column_padding_tablet=\u00a0\u00bbinherit\u00a0\u00bb column_padding_phone=\u00a0\u00bbinherit\u00a0\u00bb column_padding_position=\u00a0\u00bball\u00a0\u00bb column_element_direction_desktop=\u00a0\u00bbdefault\u00a0\u00bb column_element_spacing=\u00a0\u00bbdefault\u00a0\u00bb desktop_text_alignment=\u00a0\u00bbdefault\u00a0\u00bb tablet_text_alignment=\u00a0\u00bbdefault\u00a0\u00bb phone_text_alignment=\u00a0\u00bbdefault\u00a0\u00bb background_color_opacity=\u00a0\u00bb1&Prime; background_hover_color_opacity=\u00a0\u00bb1&Prime; column_backdrop_filter=\u00a0\u00bbnone\u00a0\u00bb column_shadow=\u00a0\u00bbnone\u00a0\u00bb column_border_radius=\u00a0\u00bbnone\u00a0\u00bb column_link_target=\u00a0\u00bb_self\u00a0\u00bb column_position=\u00a0\u00bbdefault\u00a0\u00bb gradient_direction=\u00a0\u00bbleft_to_right\u00a0\u00bb overlay_strength=\u00a0\u00bb0.3&Prime; width=\u00a0\u00bb1\/1&Prime; tablet_width_inherit=\u00a0\u00bbdefault\u00a0\u00bb animation_type=\u00a0\u00bbdefault\u00a0\u00bb bg_image_animation=\u00a0\u00bbnone\u00a0\u00bb border_type=\u00a0\u00bbsimple\u00a0\u00bb column_border_width=\u00a0\u00bbnone\u00a0\u00bb column_border_style=\u00a0\u00bbsolid\u00a0\u00bb][vc_column_text][\/vc_column_text][vc_column_text css=\u00a0\u00bb\u00a0\u00bb text_direction=\u00a0\u00bbdefault\u00a0\u00bb]\n<h3 style=\"text-align: center;\">Curieux de savoir ce que Transition Stories peut faire pour votre organisation?<\/h3>\n[\/vc_column_text][\/vc_column][\/vc_row][vc_row type=\u00a0\u00bbin_container\u00a0\u00bb full_screen_row_position=\u00a0\u00bbmiddle\u00a0\u00bb column_margin=\u00a0\u00bbdefault\u00a0\u00bb column_direction=\u00a0\u00bbdefault\u00a0\u00bb column_direction_tablet=\u00a0\u00bbdefault\u00a0\u00bb column_direction_phone=\u00a0\u00bbdefault\u00a0\u00bb scene_position=\u00a0\u00bbcenter\u00a0\u00bb text_color=\u00a0\u00bbdark\u00a0\u00bb text_align=\u00a0\u00bbleft\u00a0\u00bb row_border_radius=\u00a0\u00bbnone\u00a0\u00bb row_border_radius_applies=\u00a0\u00bbbg\u00a0\u00bb overflow=\u00a0\u00bbvisible\u00a0\u00bb overlay_strength=\u00a0\u00bb0.3&Prime; gradient_direction=\u00a0\u00bbleft_to_right\u00a0\u00bb shape_divider_position=\u00a0\u00bbbottom\u00a0\u00bb bg_image_animation=\u00a0\u00bbnone\u00a0\u00bb][vc_column column_padding=\u00a0\u00bbno-extra-padding\u00a0\u00bb column_padding_tablet=\u00a0\u00bbinherit\u00a0\u00bb column_padding_phone=\u00a0\u00bbinherit\u00a0\u00bb column_padding_position=\u00a0\u00bball\u00a0\u00bb column_element_direction_desktop=\u00a0\u00bbdefault\u00a0\u00bb column_element_spacing=\u00a0\u00bbdefault\u00a0\u00bb desktop_text_alignment=\u00a0\u00bbdefault\u00a0\u00bb tablet_text_alignment=\u00a0\u00bbdefault\u00a0\u00bb phone_text_alignment=\u00a0\u00bbdefault\u00a0\u00bb background_color_opacity=\u00a0\u00bb1&Prime; background_hover_color_opacity=\u00a0\u00bb1&Prime; column_backdrop_filter=\u00a0\u00bbnone\u00a0\u00bb column_shadow=\u00a0\u00bbnone\u00a0\u00bb column_border_radius=\u00a0\u00bbnone\u00a0\u00bb column_link_target=\u00a0\u00bb_self\u00a0\u00bb column_position=\u00a0\u00bbdefault\u00a0\u00bb gradient_direction=\u00a0\u00bbleft_to_right\u00a0\u00bb overlay_strength=\u00a0\u00bb0.3&Prime; width=\u00a0\u00bb1\/3&Prime; tablet_width_inherit=\u00a0\u00bbdefault\u00a0\u00bb animation_type=\u00a0\u00bbdefault\u00a0\u00bb bg_image_animation=\u00a0\u00bbnone\u00a0\u00bb border_type=\u00a0\u00bbsimple\u00a0\u00bb column_border_width=\u00a0\u00bbnone\u00a0\u00bb column_border_style=\u00a0\u00bbsolid\u00a0\u00bb][\/vc_column][vc_column column_padding=\u00a0\u00bbno-extra-padding\u00a0\u00bb column_padding_tablet=\u00a0\u00bbinherit\u00a0\u00bb column_padding_phone=\u00a0\u00bbinherit\u00a0\u00bb column_padding_position=\u00a0\u00bball\u00a0\u00bb column_element_direction_desktop=\u00a0\u00bbdefault\u00a0\u00bb column_element_spacing=\u00a0\u00bbdefault\u00a0\u00bb desktop_text_alignment=\u00a0\u00bbdefault\u00a0\u00bb tablet_text_alignment=\u00a0\u00bbdefault\u00a0\u00bb phone_text_alignment=\u00a0\u00bbdefault\u00a0\u00bb background_color_opacity=\u00a0\u00bb1&Prime; background_hover_color_opacity=\u00a0\u00bb1&Prime; column_backdrop_filter=\u00a0\u00bbnone\u00a0\u00bb column_shadow=\u00a0\u00bbnone\u00a0\u00bb column_border_radius=\u00a0\u00bbnone\u00a0\u00bb column_link_target=\u00a0\u00bb_self\u00a0\u00bb column_position=\u00a0\u00bbdefault\u00a0\u00bb gradient_direction=\u00a0\u00bbleft_to_right\u00a0\u00bb overlay_strength=\u00a0\u00bb0.3&Prime; width=\u00a0\u00bb1\/3&Prime; tablet_width_inherit=\u00a0\u00bbdefault\u00a0\u00bb animation_type=\u00a0\u00bbdefault\u00a0\u00bb bg_image_animation=\u00a0\u00bbnone\u00a0\u00bb border_type=\u00a0\u00bbsimple\u00a0\u00bb column_border_width=\u00a0\u00bbnone\u00a0\u00bb column_border_style=\u00a0\u00bbsolid\u00a0\u00bb][nectar_btn size=\u00a0\u00bblarge\u00a0\u00bb button_style=\u00a0\u00bbregular\u00a0\u00bb button_color_2=\u00a0\u00bbextra-color-gradient-1&Prime; icon_family=\u00a0\u00bbnone\u00a0\u00bb text=\u00a0\u00bbContactez-nous!\u00a0\u00bb url=\u00a0\u00bbhttps:\/\/transitionstories.be\/contact\/\u00a0\u00bb][\/vc_column][vc_column column_padding=\u00a0\u00bbno-extra-padding\u00a0\u00bb column_padding_tablet=\u00a0\u00bbinherit\u00a0\u00bb column_padding_phone=\u00a0\u00bbinherit\u00a0\u00bb column_padding_position=\u00a0\u00bball\u00a0\u00bb column_element_direction_desktop=\u00a0\u00bbdefault\u00a0\u00bb column_element_spacing=\u00a0\u00bbdefault\u00a0\u00bb desktop_text_alignment=\u00a0\u00bbdefault\u00a0\u00bb tablet_text_alignment=\u00a0\u00bbdefault\u00a0\u00bb phone_text_alignment=\u00a0\u00bbdefault\u00a0\u00bb background_color_opacity=\u00a0\u00bb1&Prime; background_hover_color_opacity=\u00a0\u00bb1&Prime; column_backdrop_filter=\u00a0\u00bbnone\u00a0\u00bb column_shadow=\u00a0\u00bbnone\u00a0\u00bb column_border_radius=\u00a0\u00bbnone\u00a0\u00bb column_link_target=\u00a0\u00bb_self\u00a0\u00bb column_position=\u00a0\u00bbdefault\u00a0\u00bb gradient_direction=\u00a0\u00bbleft_to_right\u00a0\u00bb overlay_strength=\u00a0\u00bb0.3&Prime; width=\u00a0\u00bb1\/3&Prime; tablet_width_inherit=\u00a0\u00bbdefault\u00a0\u00bb animation_type=\u00a0\u00bbdefault\u00a0\u00bb bg_image_animation=\u00a0\u00bbnone\u00a0\u00bb border_type=\u00a0\u00bbsimple\u00a0\u00bb column_border_width=\u00a0\u00bbnone\u00a0\u00bb column_border_style=\u00a0\u00bbsolid\u00a0\u00bb][\/vc_column][\/vc_row]\n","protected":false},"excerpt":{"rendered":"<p>[vc_row type=\u00a0\u00bbin_container\u00a0\u00bb full_screen_row_position=\u00a0\u00bbmiddle\u00a0\u00bb column_margin=\u00a0\u00bbdefault\u00a0\u00bb equal_height=\u00a0\u00bbyes\u00a0\u00bb content_placement=\u00a0\u00bbmiddle\u00a0\u00bb column_direction=\u00a0\u00bbdefault\u00a0\u00bb column_direction_tablet=\u00a0\u00bbdefault\u00a0\u00bb column_direction_phone=\u00a0\u00bbdefault\u00a0\u00bb scene_position=\u00a0\u00bbcenter\u00a0\u00bb scale_desktop=\u00a0\u00bb1.01&Prime; text_color=\u00a0\u00bbdark\u00a0\u00bb text_align=\u00a0\u00bbleft\u00a0\u00bb row_border_radius=\u00a0\u00bbnone\u00a0\u00bb row_border_radius_applies=\u00a0\u00bbbg\u00a0\u00bb overflow=\u00a0\u00bbvisible\u00a0\u00bb overlay_strength=\u00a0\u00bb0.3&Prime; gradient_direction=\u00a0\u00bbleft_to_right\u00a0\u00bb shape_divider_position=\u00a0\u00bbbottom\u00a0\u00bb bg_image_animation=\u00a0\u00bbnone\u00a0\u00bb gradient_type=\u00a0\u00bbdefault\u00a0\u00bb shape_type=\u00a0\u00bb\u00a0\u00bb][vc_column column_padding=\u00a0\u00bbno-extra-padding\u00a0\u00bb column_padding_tablet=\u00a0\u00bbinherit\u00a0\u00bb column_padding_phone=\u00a0\u00bbinherit\u00a0\u00bb column_padding_position=\u00a0\u00bball\u00a0\u00bb column_element_direction_desktop=\u00a0\u00bbdefault\u00a0\u00bb column_element_spacing=\u00a0\u00bbdefault\u00a0\u00bb desktop_text_alignment=\u00a0\u00bbdefault\u00a0\u00bb tablet_text_alignment=\u00a0\u00bbdefault\u00a0\u00bb&#8230;<\/p>\n","protected":false},"author":5,"featured_media":2234,"comment_status":"closed","ping_status":"closed","sticky":false,"template":"","format":"standard","meta":{"footnotes":""},"categories":[239,248,497],"tags":[288,289,290,597,598,242,599],"class_list":{"0":"post-2233","1":"post","2":"type-post","3":"status-publish","4":"format-standard","5":"has-post-thumbnail","7":"category-construire-renover","8":"category-politique-climatique-locale","9":"category-references-fr","10":"tag-departement-omgeving-fr","11":"tag-klimaatwijk-fr","12":"tag-klimaatwijken-fr","13":"tag-quartier-climatique","14":"tag-quartiers-climatiques","15":"tag-stad-leuven-fr","16":"tag-ville-de-louvain"},"yoast_head":"<!-- This site is optimized with the Yoast SEO plugin v27.4 - https:\/\/yoast.com\/product\/yoast-seo-wordpress\/ -->\n<title>Le quartier climatique de Ter Elst : le cit\u00e9-jardin de Louvain, levier de la transition vers la durabilit\u00e9 urbaine - Transition Stories<\/title>\n<meta name=\"description\" content=\"Transition Stories a con\u00e7u une strat\u00e9gie de participation en quatre \u00e9tapes pour le quartier-jardin Ter Elst \u00e0 Louvain, comprenant des ateliers et des enqu\u00eates aupr\u00e8s des r\u00e9sidents, afin de mettre en \u0153uvre une approche personnalis\u00e9e.\" \/>\n<meta name=\"robots\" content=\"index, follow, max-snippet:-1, max-image-preview:large, max-video-preview:-1\" \/>\n<link rel=\"canonical\" href=\"https:\/\/transitionstories.be\/fr\/le-quartier-climatique-ter-elst-la-cite-jardin-de-louvain\/\" \/>\n<meta property=\"og:locale\" content=\"fr_FR\" \/>\n<meta property=\"og:type\" content=\"article\" \/>\n<meta property=\"og:title\" content=\"Le quartier climatique de Ter Elst : le cit\u00e9-jardin de Louvain, levier de la transition vers la durabilit\u00e9 urbaine - Transition Stories\" \/>\n<meta property=\"og:description\" content=\"Transition Stories a con\u00e7u une strat\u00e9gie de participation en quatre \u00e9tapes pour le quartier-jardin Ter Elst \u00e0 Louvain, comprenant des ateliers et des enqu\u00eates aupr\u00e8s des r\u00e9sidents, afin de mettre en \u0153uvre une approche personnalis\u00e9e.\" \/>\n<meta property=\"og:url\" content=\"https:\/\/transitionstories.be\/fr\/le-quartier-climatique-ter-elst-la-cite-jardin-de-louvain\/\" \/>\n<meta property=\"og:site_name\" content=\"Transition Stories\" \/>\n<meta property=\"article:publisher\" content=\"https:\/\/www.facebook.com\/transitionHeroes\/\" \/>\n<meta property=\"article:published_time\" content=\"2024-05-27T09:06:18+00:00\" \/>\n<meta property=\"article:modified_time\" content=\"2024-06-25T13:58:27+00:00\" \/>\n<meta property=\"og:image\" content=\"https:\/\/transitionstories.be\/wp-content\/uploads\/2024\/05\/Klimaatwijken.png\" \/>\n\t<meta property=\"og:image:width\" content=\"499\" \/>\n\t<meta property=\"og:image:height\" content=\"235\" \/>\n\t<meta property=\"og:image:type\" content=\"image\/png\" \/>\n<meta name=\"author\" content=\"Emma Adriaensen\" \/>\n<meta name=\"twitter:card\" content=\"summary_large_image\" \/>\n<meta name=\"twitter:label1\" content=\"\u00c9crit par\" \/>\n\t<meta name=\"twitter:data1\" content=\"Emma Adriaensen\" \/>\n\t<meta name=\"twitter:label2\" content=\"Dur\u00e9e de lecture estim\u00e9e\" \/>\n\t<meta name=\"twitter:data2\" content=\"3 minutes\" \/>\n<script type=\"application\/ld+json\" class=\"yoast-schema-graph\">{\"@context\":\"https:\\\/\\\/schema.org\",\"@graph\":[{\"@type\":\"Article\",\"@id\":\"https:\\\/\\\/transitionstories.be\\\/fr\\\/le-quartier-climatique-ter-elst-la-cite-jardin-de-louvain\\\/#article\",\"isPartOf\":{\"@id\":\"https:\\\/\\\/transitionstories.be\\\/fr\\\/le-quartier-climatique-ter-elst-la-cite-jardin-de-louvain\\\/\"},\"author\":{\"name\":\"Emma Adriaensen\",\"@id\":\"https:\\\/\\\/transitionstories.be\\\/fr\\\/#\\\/schema\\\/person\\\/1718db068a30e21cdc3cb1aa2827bcb2\"},\"headline\":\"Le quartier climatique de Ter Elst : le cit\u00e9-jardin de Louvain, levier de la transition vers la durabilit\u00e9 urbaine\",\"datePublished\":\"2024-05-27T09:06:18+00:00\",\"dateModified\":\"2024-06-25T13:58:27+00:00\",\"mainEntityOfPage\":{\"@id\":\"https:\\\/\\\/transitionstories.be\\\/fr\\\/le-quartier-climatique-ter-elst-la-cite-jardin-de-louvain\\\/\"},\"wordCount\":1304,\"image\":{\"@id\":\"https:\\\/\\\/transitionstories.be\\\/fr\\\/le-quartier-climatique-ter-elst-la-cite-jardin-de-louvain\\\/#primaryimage\"},\"thumbnailUrl\":\"https:\\\/\\\/transitionstories.be\\\/wp-content\\\/uploads\\\/2024\\\/05\\\/Klimaatwijken.png\",\"keywords\":[\"Departement Omgeving\",\"klimaatwijk\",\"klimaatwijken\",\"quartier climatique\",\"quartiers climatiques\",\"stad Leuven\",\"ville de Louvain\"],\"articleSection\":[\"Construire &amp; r\u00e9nover\",\"Politique climatique locale\",\"R\u00e9f\u00e9rences\"],\"inLanguage\":\"fr-FR\"},{\"@type\":\"WebPage\",\"@id\":\"https:\\\/\\\/transitionstories.be\\\/fr\\\/le-quartier-climatique-ter-elst-la-cite-jardin-de-louvain\\\/\",\"url\":\"https:\\\/\\\/transitionstories.be\\\/fr\\\/le-quartier-climatique-ter-elst-la-cite-jardin-de-louvain\\\/\",\"name\":\"Le quartier climatique de Ter Elst : le cit\u00e9-jardin de Louvain, levier de la transition vers la durabilit\u00e9 urbaine - Transition Stories\",\"isPartOf\":{\"@id\":\"https:\\\/\\\/transitionstories.be\\\/fr\\\/#website\"},\"primaryImageOfPage\":{\"@id\":\"https:\\\/\\\/transitionstories.be\\\/fr\\\/le-quartier-climatique-ter-elst-la-cite-jardin-de-louvain\\\/#primaryimage\"},\"image\":{\"@id\":\"https:\\\/\\\/transitionstories.be\\\/fr\\\/le-quartier-climatique-ter-elst-la-cite-jardin-de-louvain\\\/#primaryimage\"},\"thumbnailUrl\":\"https:\\\/\\\/transitionstories.be\\\/wp-content\\\/uploads\\\/2024\\\/05\\\/Klimaatwijken.png\",\"datePublished\":\"2024-05-27T09:06:18+00:00\",\"dateModified\":\"2024-06-25T13:58:27+00:00\",\"author\":{\"@id\":\"https:\\\/\\\/transitionstories.be\\\/fr\\\/#\\\/schema\\\/person\\\/1718db068a30e21cdc3cb1aa2827bcb2\"},\"description\":\"Transition Stories a con\u00e7u une strat\u00e9gie de participation en quatre \u00e9tapes pour le quartier-jardin Ter Elst \u00e0 Louvain, comprenant des ateliers et des enqu\u00eates aupr\u00e8s des r\u00e9sidents, afin de mettre en \u0153uvre une approche personnalis\u00e9e.\",\"breadcrumb\":{\"@id\":\"https:\\\/\\\/transitionstories.be\\\/fr\\\/le-quartier-climatique-ter-elst-la-cite-jardin-de-louvain\\\/#breadcrumb\"},\"inLanguage\":\"fr-FR\",\"potentialAction\":[{\"@type\":\"ReadAction\",\"target\":[\"https:\\\/\\\/transitionstories.be\\\/fr\\\/le-quartier-climatique-ter-elst-la-cite-jardin-de-louvain\\\/\"]}]},{\"@type\":\"ImageObject\",\"inLanguage\":\"fr-FR\",\"@id\":\"https:\\\/\\\/transitionstories.be\\\/fr\\\/le-quartier-climatique-ter-elst-la-cite-jardin-de-louvain\\\/#primaryimage\",\"url\":\"https:\\\/\\\/transitionstories.be\\\/wp-content\\\/uploads\\\/2024\\\/05\\\/Klimaatwijken.png\",\"contentUrl\":\"https:\\\/\\\/transitionstories.be\\\/wp-content\\\/uploads\\\/2024\\\/05\\\/Klimaatwijken.png\",\"width\":499,\"height\":235},{\"@type\":\"BreadcrumbList\",\"@id\":\"https:\\\/\\\/transitionstories.be\\\/fr\\\/le-quartier-climatique-ter-elst-la-cite-jardin-de-louvain\\\/#breadcrumb\",\"itemListElement\":[{\"@type\":\"ListItem\",\"position\":1,\"name\":\"Home\",\"item\":\"https:\\\/\\\/transitionstories.be\\\/fr\\\/\"},{\"@type\":\"ListItem\",\"position\":2,\"name\":\"R\u00e9f\u00e9rences\",\"item\":\"https:\\\/\\\/transitionstories.be\\\/fr\\\/category\\\/references-fr\\\/\"},{\"@type\":\"ListItem\",\"position\":3,\"name\":\"Politique climatique locale\",\"item\":\"https:\\\/\\\/transitionstories.be\\\/fr\\\/category\\\/references-fr\\\/politique-climatique-locale\\\/\"},{\"@type\":\"ListItem\",\"position\":4,\"name\":\"Le quartier climatique de Ter Elst : le cit\u00e9-jardin de Louvain, levier de la transition vers la durabilit\u00e9 urbaine\"}]},{\"@type\":\"WebSite\",\"@id\":\"https:\\\/\\\/transitionstories.be\\\/fr\\\/#website\",\"url\":\"https:\\\/\\\/transitionstories.be\\\/fr\\\/\",\"name\":\"Transition Stories\",\"description\":\"Unboxing Sustainable Solutions\",\"potentialAction\":[{\"@type\":\"SearchAction\",\"target\":{\"@type\":\"EntryPoint\",\"urlTemplate\":\"https:\\\/\\\/transitionstories.be\\\/fr\\\/?s={search_term_string}\"},\"query-input\":{\"@type\":\"PropertyValueSpecification\",\"valueRequired\":true,\"valueName\":\"search_term_string\"}}],\"inLanguage\":\"fr-FR\"},{\"@type\":\"Person\",\"@id\":\"https:\\\/\\\/transitionstories.be\\\/fr\\\/#\\\/schema\\\/person\\\/1718db068a30e21cdc3cb1aa2827bcb2\",\"name\":\"Emma Adriaensen\",\"image\":{\"@type\":\"ImageObject\",\"inLanguage\":\"fr-FR\",\"@id\":\"https:\\\/\\\/secure.gravatar.com\\\/avatar\\\/bf11d3e0e74a22003cca85281a67764808f1e7d540431e446fd717729989a457?s=96&d=mm&r=g\",\"url\":\"https:\\\/\\\/secure.gravatar.com\\\/avatar\\\/bf11d3e0e74a22003cca85281a67764808f1e7d540431e446fd717729989a457?s=96&d=mm&r=g\",\"contentUrl\":\"https:\\\/\\\/secure.gravatar.com\\\/avatar\\\/bf11d3e0e74a22003cca85281a67764808f1e7d540431e446fd717729989a457?s=96&d=mm&r=g\",\"caption\":\"Emma Adriaensen\"}}]}<\/script>\n<!-- \/ Yoast SEO plugin. -->","yoast_head_json":{"title":"Le quartier climatique de Ter Elst : le cit\u00e9-jardin de Louvain, levier de la transition vers la durabilit\u00e9 urbaine - Transition Stories","description":"Transition Stories a con\u00e7u une strat\u00e9gie de participation en quatre \u00e9tapes pour le quartier-jardin Ter Elst \u00e0 Louvain, comprenant des ateliers et des enqu\u00eates aupr\u00e8s des r\u00e9sidents, afin de mettre en \u0153uvre une approche personnalis\u00e9e.","robots":{"index":"index","follow":"follow","max-snippet":"max-snippet:-1","max-image-preview":"max-image-preview:large","max-video-preview":"max-video-preview:-1"},"canonical":"https:\/\/transitionstories.be\/fr\/le-quartier-climatique-ter-elst-la-cite-jardin-de-louvain\/","og_locale":"fr_FR","og_type":"article","og_title":"Le quartier climatique de Ter Elst : le cit\u00e9-jardin de Louvain, levier de la transition vers la durabilit\u00e9 urbaine - Transition Stories","og_description":"Transition Stories a con\u00e7u une strat\u00e9gie de participation en quatre \u00e9tapes pour le quartier-jardin Ter Elst \u00e0 Louvain, comprenant des ateliers et des enqu\u00eates aupr\u00e8s des r\u00e9sidents, afin de mettre en \u0153uvre une approche personnalis\u00e9e.","og_url":"https:\/\/transitionstories.be\/fr\/le-quartier-climatique-ter-elst-la-cite-jardin-de-louvain\/","og_site_name":"Transition Stories","article_publisher":"https:\/\/www.facebook.com\/transitionHeroes\/","article_published_time":"2024-05-27T09:06:18+00:00","article_modified_time":"2024-06-25T13:58:27+00:00","og_image":[{"width":499,"height":235,"url":"https:\/\/transitionstories.be\/wp-content\/uploads\/2024\/05\/Klimaatwijken.png","type":"image\/png"}],"author":"Emma Adriaensen","twitter_card":"summary_large_image","twitter_misc":{"\u00c9crit par":"Emma Adriaensen","Dur\u00e9e de lecture estim\u00e9e":"3 minutes"},"schema":{"@context":"https:\/\/schema.org","@graph":[{"@type":"Article","@id":"https:\/\/transitionstories.be\/fr\/le-quartier-climatique-ter-elst-la-cite-jardin-de-louvain\/#article","isPartOf":{"@id":"https:\/\/transitionstories.be\/fr\/le-quartier-climatique-ter-elst-la-cite-jardin-de-louvain\/"},"author":{"name":"Emma Adriaensen","@id":"https:\/\/transitionstories.be\/fr\/#\/schema\/person\/1718db068a30e21cdc3cb1aa2827bcb2"},"headline":"Le quartier climatique de Ter Elst : le cit\u00e9-jardin de Louvain, levier de la transition vers la durabilit\u00e9 urbaine","datePublished":"2024-05-27T09:06:18+00:00","dateModified":"2024-06-25T13:58:27+00:00","mainEntityOfPage":{"@id":"https:\/\/transitionstories.be\/fr\/le-quartier-climatique-ter-elst-la-cite-jardin-de-louvain\/"},"wordCount":1304,"image":{"@id":"https:\/\/transitionstories.be\/fr\/le-quartier-climatique-ter-elst-la-cite-jardin-de-louvain\/#primaryimage"},"thumbnailUrl":"https:\/\/transitionstories.be\/wp-content\/uploads\/2024\/05\/Klimaatwijken.png","keywords":["Departement Omgeving","klimaatwijk","klimaatwijken","quartier climatique","quartiers climatiques","stad Leuven","ville de Louvain"],"articleSection":["Construire &amp; r\u00e9nover","Politique climatique locale","R\u00e9f\u00e9rences"],"inLanguage":"fr-FR"},{"@type":"WebPage","@id":"https:\/\/transitionstories.be\/fr\/le-quartier-climatique-ter-elst-la-cite-jardin-de-louvain\/","url":"https:\/\/transitionstories.be\/fr\/le-quartier-climatique-ter-elst-la-cite-jardin-de-louvain\/","name":"Le quartier climatique de Ter Elst : le cit\u00e9-jardin de Louvain, levier de la transition vers la durabilit\u00e9 urbaine - Transition Stories","isPartOf":{"@id":"https:\/\/transitionstories.be\/fr\/#website"},"primaryImageOfPage":{"@id":"https:\/\/transitionstories.be\/fr\/le-quartier-climatique-ter-elst-la-cite-jardin-de-louvain\/#primaryimage"},"image":{"@id":"https:\/\/transitionstories.be\/fr\/le-quartier-climatique-ter-elst-la-cite-jardin-de-louvain\/#primaryimage"},"thumbnailUrl":"https:\/\/transitionstories.be\/wp-content\/uploads\/2024\/05\/Klimaatwijken.png","datePublished":"2024-05-27T09:06:18+00:00","dateModified":"2024-06-25T13:58:27+00:00","author":{"@id":"https:\/\/transitionstories.be\/fr\/#\/schema\/person\/1718db068a30e21cdc3cb1aa2827bcb2"},"description":"Transition Stories a con\u00e7u une strat\u00e9gie de participation en quatre \u00e9tapes pour le quartier-jardin Ter Elst \u00e0 Louvain, comprenant des ateliers et des enqu\u00eates aupr\u00e8s des r\u00e9sidents, afin de mettre en \u0153uvre une approche personnalis\u00e9e.","breadcrumb":{"@id":"https:\/\/transitionstories.be\/fr\/le-quartier-climatique-ter-elst-la-cite-jardin-de-louvain\/#breadcrumb"},"inLanguage":"fr-FR","potentialAction":[{"@type":"ReadAction","target":["https:\/\/transitionstories.be\/fr\/le-quartier-climatique-ter-elst-la-cite-jardin-de-louvain\/"]}]},{"@type":"ImageObject","inLanguage":"fr-FR","@id":"https:\/\/transitionstories.be\/fr\/le-quartier-climatique-ter-elst-la-cite-jardin-de-louvain\/#primaryimage","url":"https:\/\/transitionstories.be\/wp-content\/uploads\/2024\/05\/Klimaatwijken.png","contentUrl":"https:\/\/transitionstories.be\/wp-content\/uploads\/2024\/05\/Klimaatwijken.png","width":499,"height":235},{"@type":"BreadcrumbList","@id":"https:\/\/transitionstories.be\/fr\/le-quartier-climatique-ter-elst-la-cite-jardin-de-louvain\/#breadcrumb","itemListElement":[{"@type":"ListItem","position":1,"name":"Home","item":"https:\/\/transitionstories.be\/fr\/"},{"@type":"ListItem","position":2,"name":"R\u00e9f\u00e9rences","item":"https:\/\/transitionstories.be\/fr\/category\/references-fr\/"},{"@type":"ListItem","position":3,"name":"Politique climatique locale","item":"https:\/\/transitionstories.be\/fr\/category\/references-fr\/politique-climatique-locale\/"},{"@type":"ListItem","position":4,"name":"Le quartier climatique de Ter Elst : le cit\u00e9-jardin de Louvain, levier de la transition vers la durabilit\u00e9 urbaine"}]},{"@type":"WebSite","@id":"https:\/\/transitionstories.be\/fr\/#website","url":"https:\/\/transitionstories.be\/fr\/","name":"Transition Stories","description":"Unboxing Sustainable Solutions","potentialAction":[{"@type":"SearchAction","target":{"@type":"EntryPoint","urlTemplate":"https:\/\/transitionstories.be\/fr\/?s={search_term_string}"},"query-input":{"@type":"PropertyValueSpecification","valueRequired":true,"valueName":"search_term_string"}}],"inLanguage":"fr-FR"},{"@type":"Person","@id":"https:\/\/transitionstories.be\/fr\/#\/schema\/person\/1718db068a30e21cdc3cb1aa2827bcb2","name":"Emma Adriaensen","image":{"@type":"ImageObject","inLanguage":"fr-FR","@id":"https:\/\/secure.gravatar.com\/avatar\/bf11d3e0e74a22003cca85281a67764808f1e7d540431e446fd717729989a457?s=96&d=mm&r=g","url":"https:\/\/secure.gravatar.com\/avatar\/bf11d3e0e74a22003cca85281a67764808f1e7d540431e446fd717729989a457?s=96&d=mm&r=g","contentUrl":"https:\/\/secure.gravatar.com\/avatar\/bf11d3e0e74a22003cca85281a67764808f1e7d540431e446fd717729989a457?s=96&d=mm&r=g","caption":"Emma Adriaensen"}}]}},"_links":{"self":[{"href":"https:\/\/transitionstories.be\/fr\/wp-json\/wp\/v2\/posts\/2233","targetHints":{"allow":["GET"]}}],"collection":[{"href":"https:\/\/transitionstories.be\/fr\/wp-json\/wp\/v2\/posts"}],"about":[{"href":"https:\/\/transitionstories.be\/fr\/wp-json\/wp\/v2\/types\/post"}],"author":[{"embeddable":true,"href":"https:\/\/transitionstories.be\/fr\/wp-json\/wp\/v2\/users\/5"}],"replies":[{"embeddable":true,"href":"https:\/\/transitionstories.be\/fr\/wp-json\/wp\/v2\/comments?post=2233"}],"version-history":[{"count":8,"href":"https:\/\/transitionstories.be\/fr\/wp-json\/wp\/v2\/posts\/2233\/revisions"}],"predecessor-version":[{"id":3976,"href":"https:\/\/transitionstories.be\/fr\/wp-json\/wp\/v2\/posts\/2233\/revisions\/3976"}],"wp:featuredmedia":[{"embeddable":true,"href":"https:\/\/transitionstories.be\/fr\/wp-json\/wp\/v2\/media\/2234"}],"wp:attachment":[{"href":"https:\/\/transitionstories.be\/fr\/wp-json\/wp\/v2\/media?parent=2233"}],"wp:term":[{"taxonomy":"category","embeddable":true,"href":"https:\/\/transitionstories.be\/fr\/wp-json\/wp\/v2\/categories?post=2233"},{"taxonomy":"post_tag","embeddable":true,"href":"https:\/\/transitionstories.be\/fr\/wp-json\/wp\/v2\/tags?post=2233"}],"curies":[{"name":"wp","href":"https:\/\/api.w.org\/{rel}","templated":true}]}}